{"id":117127,"date":"2025-04-23T14:02:43","date_gmt":"2025-04-23T12:02:43","guid":{"rendered":"https:\/\/kosovotwopointzero.com\/kur-verat-rinore-vdekja-e-lumit-dhe-nacionalizmi-vrastar-perplasen\/"},"modified":"2025-04-25T14:26:33","modified_gmt":"2025-04-25T12:26:33","slug":"kad-se-ukrste-mladalacka-leta-reka-koja-odnosi-tela-mrtvih-i-nacionalizam-koji-ubija","status":"publish","type":"post","link":"https:\/\/archive.kosovotwopointzero.com\/sr\/kad-se-ukrste-mladalacka-leta-reka-koja-odnosi-tela-mrtvih-i-nacionalizam-koji-ubija\/","title":{"rendered":"Mladala\u010dka leta, re\u010dna smrt i smrtonosni nacionalizam"},"content":{"rendered":"\t\t<div data-elementor-type=\"wp-post\" data-elementor-id=\"117127\" class=\"elementor elementor-117127 elementor-116973\" data-elementor-post-type=\"post\">\n\t\t\t\t\t\t\t\t\t<section class=\"elementor-section elementor-top-section elementor-element elementor-element-46b5863 elementor-section-full_width elementor-section-height-default elementor-section-height-default\" data-id=\"46b5863\" data-element_type=\"section\" data-settings=\"{&quot;background_background&quot;:&quot;classic&quot;}\">\n\t\t\t\t\t\t\t<div class=\"elementor-background-overlay\"><\/div>\n\t\t\t\t\t\t\t<div class=\"elementor-container elementor-column-gap-no\">\n\t\t\t\t\t<div class=\"elementor-column elementor-col-100 elementor-top-column elementor-element elementor-element-b644a6a\" data-id=\"b644a6a\" data-element_type=\"column\">\n\t\t\t<div class=\"elementor-widget-wrap elementor-element-populated\">\n\t\t\t\t\t\t\t\t<div class=\"elementor-element elementor-element-38ed0b9 elementor-fixed elementor-widget elementor-widget-image\" data-id=\"38ed0b9\" data-element_type=\"widget\" data-settings=\"{&quot;_position&quot;:&quot;fixed&quot;}\" data-widget_type=\"image.default\">\n\t\t\t\t<div class=\"elementor-widget-container\">\n\t\t\t\t\t\t\t\t\t\t\t\t\t\t\t\t<a href=\"https:\/\/kosovotwopointzero.com\/sr\/\" target=\"_blank\">\n\t\t\t\t\t\t\t<img width=\"1080\" height=\"383\" src=\"https:\/\/archive.kosovotwopointzero.com\/wp-content\/uploads\/2022\/05\/K2.0-BLACK-LOGO.png\" class=\"attachment-full size-full wp-image-73970\" alt=\"\" loading=\"lazy\" \/>\t\t\t\t\t\t\t\t<\/a>\n\t\t\t\t\t\t\t\t\t\t\t\t\t\t\t<\/div>\n\t\t\t\t<\/div>\n\t\t\t\t<div class=\"elementor-element elementor-element-54c2a3b elementor-widget__width-initial elementor-fixed elementor-widget-mobile__width-initial elementor-widget elementor-widget-wpml-language-switcher\" data-id=\"54c2a3b\" data-element_type=\"widget\" data-settings=\"{&quot;_position&quot;:&quot;fixed&quot;}\" data-widget_type=\"wpml-language-switcher.default\">\n\t\t\t\t<div class=\"elementor-widget-container\">\n\t\t\t<div class=\"wpml-elementor-ls\">\n<div\n\t class=\"wpml-ls-statics-shortcode_actions wpml-ls wpml-ls-legacy-dropdown js-wpml-ls-legacy-dropdown\" id=\"lang_sel\">\n\t<ul>\n\n\t\t<li tabindex=\"0\" class=\"wpml-ls-slot-shortcode_actions wpml-ls-item wpml-ls-item-sr wpml-ls-current-language wpml-ls-last-item wpml-ls-item-legacy-dropdown\">\n\t\t\t<a href=\"#\" class=\"js-wpml-ls-item-toggle wpml-ls-item-toggle lang_sel_sel icl-sr\" target=\"_blank\">\n                <span class=\"wpml-ls-native icl_lang_sel_native\">B\/C\/S<\/span><\/a>\n\n\t\t\t<ul class=\"wpml-ls-sub-menu\">\n\t\t\t\t\n\t\t\t\t\t<li class=\"icl-sq wpml-ls-slot-shortcode_actions wpml-ls-item wpml-ls-item-sq wpml-ls-first-item\">\n\t\t\t\t\t\t<a href=\"https:\/\/archive.kosovotwopointzero.com\" class=\"wpml-ls-link\" target=\"_blank\">\n                            <span class=\"wpml-ls-native icl_lang_sel_native\" lang=\"sq\">SHQ<\/span><\/a>\n\t\t\t\t\t<\/li>\n\n\t\t\t\t\n\t\t\t\t\t<li class=\"icl-en wpml-ls-slot-shortcode_actions wpml-ls-item wpml-ls-item-en\">\n\t\t\t\t\t\t<a href=\"https:\/\/archive.kosovotwopointzero.com\/en\/\" class=\"wpml-ls-link\" target=\"_blank\">\n                            <span class=\"wpml-ls-native icl_lang_sel_native\" lang=\"en\">ENG<\/span><\/a>\n\t\t\t\t\t<\/li>\n\n\t\t\t\t\t\t\t<\/ul>\n\n\t\t<\/li>\n\n\t<\/ul>\n<\/div>\n<\/div>\t\t<\/div>\n\t\t\t\t<\/div>\n\t\t\t\t\t<\/div>\n\t\t<\/div>\n\t\t\t\t\t\t\t<\/div>\n\t\t<\/section>\n\t\t\t\t<section class=\"elementor-section elementor-top-section elementor-element elementor-element-a219086 elementor-section-full_width elementor-section-height-default elementor-section-height-default\" data-id=\"a219086\" data-element_type=\"section\">\n\t\t\t\t\t\t<div class=\"elementor-container elementor-column-gap-no\">\n\t\t\t\t\t<div class=\"elementor-column elementor-col-100 elementor-top-column elementor-element elementor-element-04f920c\" data-id=\"04f920c\" data-element_type=\"column\">\n\t\t\t<div class=\"elementor-widget-wrap elementor-element-populated\">\n\t\t\t\t\t\t\t\t<div class=\"elementor-element elementor-element-68e0139 elementor-widget elementor-widget-image\" data-id=\"68e0139\" data-element_type=\"widget\" data-widget_type=\"image.default\">\n\t\t\t\t<div class=\"elementor-widget-container\">\n\t\t\t\t\t\t\t\t\t\t\t\t\t\t\t<img width=\"1920\" height=\"979\" src=\"https:\/\/archive.kosovotwopointzero.com\/wp-content\/uploads\/2025\/04\/Feature-Image-Michiel-Piersma.jpg\" class=\"attachment-full size-full wp-image-116975\" alt=\"\" loading=\"lazy\" srcset=\"https:\/\/archive.kosovotwopointzero.com\/wp-content\/uploads\/2025\/04\/Feature-Image-Michiel-Piersma.jpg 1920w, https:\/\/archive.kosovotwopointzero.com\/wp-content\/uploads\/2025\/04\/Feature-Image-Michiel-Piersma-300x153.jpg 300w, https:\/\/archive.kosovotwopointzero.com\/wp-content\/uploads\/2025\/04\/Feature-Image-Michiel-Piersma-1024x522.jpg 1024w, https:\/\/archive.kosovotwopointzero.com\/wp-content\/uploads\/2025\/04\/Feature-Image-Michiel-Piersma-768x392.jpg 768w, https:\/\/archive.kosovotwopointzero.com\/wp-content\/uploads\/2025\/04\/Feature-Image-Michiel-Piersma-1536x783.jpg 1536w, https:\/\/archive.kosovotwopointzero.com\/wp-content\/uploads\/2025\/04\/Feature-Image-Michiel-Piersma-326x166.jpg 326w\" sizes=\"(max-width: 1920px) 100vw, 1920px\" \/>\t\t\t\t\t\t\t\t\t\t\t\t\t\t\t<\/div>\n\t\t\t\t<\/div>\n\t\t\t\t\t<\/div>\n\t\t<\/div>\n\t\t\t\t\t\t\t<\/div>\n\t\t<\/section>\n\t\t\t\t<section class=\"elementor-section elementor-top-section elementor-element elementor-element-540a84d elementor-section-boxed elementor-section-height-default elementor-section-height-default\" data-id=\"540a84d\" data-element_type=\"section\" data-settings=\"{&quot;background_background&quot;:&quot;classic&quot;}\">\n\t\t\t\t\t\t\t<div class=\"elementor-background-overlay\"><\/div>\n\t\t\t\t\t\t\t<div class=\"elementor-container elementor-column-gap-no\">\n\t\t\t\t\t<div class=\"elementor-column elementor-col-100 elementor-top-column elementor-element elementor-element-eff07bd\" data-id=\"eff07bd\" data-element_type=\"column\">\n\t\t\t<div class=\"elementor-widget-wrap elementor-element-populated\">\n\t\t\t\t\t\t\t\t<div class=\"elementor-element elementor-element-6d27e9a elementor-align-center elementor-mobile-align-center elementor-widget elementor-widget-button\" data-id=\"6d27e9a\" data-element_type=\"widget\" data-widget_type=\"button.default\">\n\t\t\t\t<div class=\"elementor-widget-container\">\n\t\t\t\t\t<div class=\"elementor-button-wrapper\">\n\t\t\t<a class=\"elementor-button elementor-button-link elementor-size-xs\" href=\"https:\/\/kosovotwopointzero.com\/sr\/duga-forma\/\" target=\"_blank\">\n\t\t\t\t\t\t<span class=\"elementor-button-content-wrapper\">\n\t\t\t\t\t\t<span class=\"elementor-button-text\">DUGA FORMA<\/span>\n\t\t<\/span>\n\t\t\t\t\t<\/a>\n\t\t<\/div>\n\t\t\t\t<\/div>\n\t\t\t\t<\/div>\n\t\t\t\t\t<\/div>\n\t\t<\/div>\n\t\t\t\t\t\t\t<\/div>\n\t\t<\/section>\n\t\t\t\t<section class=\"elementor-section elementor-top-section elementor-element elementor-element-9f4d146 elementor-section-boxed elementor-section-height-default elementor-section-height-default\" data-id=\"9f4d146\" data-element_type=\"section\">\n\t\t\t\t\t\t<div class=\"elementor-container elementor-column-gap-default\">\n\t\t\t\t\t<div class=\"elementor-column elementor-col-100 elementor-top-column elementor-element elementor-element-2473b8f\" data-id=\"2473b8f\" data-element_type=\"column\">\n\t\t\t<div class=\"elementor-widget-wrap elementor-element-populated\">\n\t\t\t\t\t\t\t\t<div class=\"elementor-element elementor-element-12386f5 elementor-widget elementor-widget-heading\" data-id=\"12386f5\" data-element_type=\"widget\" data-widget_type=\"heading.default\">\n\t\t\t\t<div class=\"elementor-widget-container\">\n\t\t\t<h2 class=\"elementor-heading-title elementor-size-default\">Mladala\u010dka leta, re\u010dna smrt i smrtonosni nacionalizam\n<\/h2>\t\t<\/div>\n\t\t\t\t<\/div>\n\t\t\t\t<div class=\"elementor-element elementor-element-c2af59e elementor-widget elementor-widget-heading\" data-id=\"c2af59e\" data-element_type=\"widget\" data-widget_type=\"heading.default\">\n\t\t\t\t<div class=\"elementor-widget-container\">\n\t\t\t<h2 class=\"elementor-heading-title elementor-size-default\">Reke i ljudi Podrinja oblikuju \u017eivote jedni drugih.\n<\/h2>\t\t<\/div>\n\t\t\t\t<\/div>\n\t\t\t\t<div class=\"elementor-element elementor-element-aa5c0ef elementor-widget-divider--view-line elementor-widget elementor-widget-divider\" data-id=\"aa5c0ef\" data-element_type=\"widget\" data-widget_type=\"divider.default\">\n\t\t\t\t<div class=\"elementor-widget-container\">\n\t\t\t\t\t<div class=\"elementor-divider\">\n\t\t\t<span class=\"elementor-divider-separator\">\n\t\t\t\t\t\t<\/span>\n\t\t<\/div>\n\t\t\t\t<\/div>\n\t\t\t\t<\/div>\n\t\t\t\t<div class=\"elementor-element elementor-element-62db741 elementor-widget elementor-widget-heading\" data-id=\"62db741\" data-element_type=\"widget\" data-widget_type=\"heading.default\">\n\t\t\t\t<div class=\"elementor-widget-container\">\n\t\t\t<h2 class=\"elementor-heading-title elementor-size-default\"><a href=\"https:\/\/kosovotwopointzero.com\/sr\/author\/michielpiersma\/\" style=\"border-bottom: 1.3px solid yellow;\" target=\"_blank\">\nPi\u0161e Michiel Piersma <\/a>  | 23. aprila 2025.<\/h2>\t\t<\/div>\n\t\t\t\t<\/div>\n\t\t\t\t<div class=\"elementor-element elementor-element-3c63d9e elementor-shape-square elementor-grid-0 e-grid-align-center elementor-widget elementor-widget-social-icons\" data-id=\"3c63d9e\" data-element_type=\"widget\" data-widget_type=\"social-icons.default\">\n\t\t\t\t<div class=\"elementor-widget-container\">\n\t\t\t\t\t<div class=\"elementor-social-icons-wrapper elementor-grid\">\n\t\t\t\t\t\t\t<span class=\"elementor-grid-item\">\n\t\t\t\t\t<a class=\"elementor-icon elementor-social-icon elementor-social-icon-facebook elementor-repeater-item-5e387e1\" href=\"https:\/\/www.facebook.com\/Kosovo2.0\/\" target=\"_blank\">\n\t\t\t\t\t\t<span class=\"elementor-screen-only\">Facebook<\/span>\n\t\t\t\t\t\t<i class=\"fab fa-facebook\"><\/i>\t\t\t\t\t<\/a>\n\t\t\t\t<\/span>\n\t\t\t\t\t\t\t<span class=\"elementor-grid-item\">\n\t\t\t\t\t<a class=\"elementor-icon elementor-social-icon elementor-social-icon-twitter elementor-repeater-item-7ae3a81\" href=\"https:\/\/twitter.com\/kosovo2point0\" target=\"_blank\">\n\t\t\t\t\t\t<span class=\"elementor-screen-only\">Twitter<\/span>\n\t\t\t\t\t\t<i class=\"fab fa-twitter\"><\/i>\t\t\t\t\t<\/a>\n\t\t\t\t<\/span>\n\t\t\t\t\t\t\t<span class=\"elementor-grid-item\">\n\t\t\t\t\t<a class=\"elementor-icon elementor-social-icon elementor-social-icon-instagram elementor-repeater-item-8daffd8\" href=\"https:\/\/www.instagram.com\/kosovo2point0\/\" target=\"_blank\">\n\t\t\t\t\t\t<span class=\"elementor-screen-only\">Instagram<\/span>\n\t\t\t\t\t\t<i class=\"fab fa-instagram\"><\/i>\t\t\t\t\t<\/a>\n\t\t\t\t<\/span>\n\t\t\t\t\t<\/div>\n\t\t\t\t<\/div>\n\t\t\t\t<\/div>\n\t\t\t\t<div class=\"elementor-element elementor-element-4b4bc22 elementor-widget-divider--view-line_text elementor-widget-divider--element-align-center elementor-widget elementor-widget-divider\" data-id=\"4b4bc22\" data-element_type=\"widget\" data-widget_type=\"divider.default\">\n\t\t\t\t<div class=\"elementor-widget-container\">\n\t\t\t\t\t<div class=\"elementor-divider\">\n\t\t\t<span class=\"elementor-divider-separator\">\n\t\t\t\t\t\t<\/span>\n\t\t<\/div>\n\t\t\t\t<\/div>\n\t\t\t\t<\/div>\n\t\t\t\t\t<\/div>\n\t\t<\/div>\n\t\t\t\t\t\t\t<\/div>\n\t\t<\/section>\n\t\t\t\t<section class=\"elementor-section elementor-top-section elementor-element elementor-element-5ad5f01 elementor-section-boxed elementor-section-height-default elementor-section-height-default\" data-id=\"5ad5f01\" data-element_type=\"section\">\n\t\t\t\t\t\t<div class=\"elementor-container elementor-column-gap-default\">\n\t\t\t\t\t<div class=\"elementor-column elementor-col-100 elementor-top-column elementor-element elementor-element-dab14e0\" data-id=\"dab14e0\" data-element_type=\"column\">\n\t\t\t<div class=\"elementor-widget-wrap elementor-element-populated\">\n\t\t\t\t\t\t\t\t<div class=\"elementor-element elementor-element-61f0650 elementor-widget elementor-widget-text-editor\" data-id=\"61f0650\" data-element_type=\"widget\" data-widget_type=\"text-editor.default\">\n\t\t\t\t<div class=\"elementor-widget-container\">\n\t\t\t\t\t\t\t<p><span style=\"font-weight: 400;\">Stari, uski most sa korodiranim \u010deli\u010dnim temeljima i drvenim daskama \u0161irokim tri metra povezuje isto\u010dnu Bosnu i Hercegovinu sa severom Crne Gore.<\/span> <span style=\"font-weight: 400;\">Putnici na putu izme\u0111u Sarajeva i Podgorice doslovno gaze me\u0111unarodnu granicu dok prelaze most, dok se jedina traka \u010desto zagu\u0161i dugim kolonama te\u0161kih kamiona industrijske robe, kombija s raftovima pri\u010dvr\u0161\u0107enim na krovove i motociklista.<\/span><\/p><p><span style=\"font-weight: 400;\">Njegova tro\u0161na konstrukcija deluje jo\u0161 nesigurnije zbog reke Tare, koja grmi dvanaestak metara ispod, usecaju\u0107i se u strme kre\u010dnja\u010dke vrhove Magli\u0107a i Pivske planine. Za razliku od putnika na granici koji strpljivo \u010dekaju svoj red, Tara ne zastaje. Nekoliko stotina metara nizvodno, spaja se s planinskom rekom Pivom, nakon \u010dega zajedno formiraju Drinu.<\/span><\/p><p><span style=\"font-weight: 400;\">Probijaju\u0107i se kroz Podrinje, regiju Bosne i Hercegovine, Drina ne prestaje da te\u010de jo\u0161 346 kilometara, sve dok se na severoistoku zemlje ne ulije u Savu, na granici sa Srbijom. Njen tok i korito povezuju raznovrsne i \u010desto osporavane ekosisteme s ljudskim zajednicama koje ih nastanjuju. Prate\u0107i Drinu \u2013 njene pla\u017ee, dru\u017eenja i brane \u2013 otkrivaju se tragovi pro\u0161losti, sada\u0161njosti i budu\u0107nosti Podrinja, njegovih reka, ljudi i odnosa me\u0111u njima. Podrinje istovremeno vrvi od \u017eivota i polako umire.<\/span><\/p><p><span style=\"font-weight: 400;\">Drina se probija kroz <\/span><a href=\"https:\/\/documents1.worldbank.org\/curated\/en\/734891530192900955\/pdf\/IWRM-Country-Report-Montenegro.pdf\" target=\"_blank\"><span style=\"font-weight: 400;\">korito od kre\u010dnjaka i pe\u0161\u010dara staro izme\u0111u 200 i 250 miliona godina<\/span><\/a><span style=\"font-weight: 400;\">. Njene stene i obronci dom su za vi\u0161e od 130 endemskih biljaka \u2013 peruniku, karanfil, razli\u010dak i zvon\u010di\u0107, koji ne rastu nigde drugde osim na liticama iznad njenog toka. Dok se ljudi u raftovima bore s divljim brzacima, poto\u010dne pastrmke i ugro\u017eene mladice njima prolaze s lako\u0107om. Ovde, u slivu Drine, \u017eive i retke vrste sisara poput slepih krtica i sne\u017enih voluharica, koje su klju\u010dne za biodiverzitet regiona.<\/span><\/p><p><span style=\"font-weight: 400;\">Iako su bi\u0107a u vodi, \u0161umama, travnjacima i blatnim obalama \u010desto nevidljiva ljudskom oku, ona oblikuju prostranstva i dubine Drininih ekosistema \u2013 \u010diji su temelji postavljeni mnogo pre nego \u0161to su ljudi uop\u0161te zamislili Podrinje kao regiju.<\/span><\/p><p><span style=\"font-weight: 400;\">Ali ljudske ruke su duboko izmenile ovu reku. Betonske hidroelektrane kontroli\u0161u njen tok, a time i \u017eivote unutar nje. Njena simbolika i strate\u0161ki polo\u017eaj iskori\u0161\u0107eni su u ratnim osvajanjima, dok su njene skrivene dubine pomagale da se zata\u0161kaju zlo\u010dini protiv \u010dove\u010dnosti. Dru\u0161tvene veze, nekada neodvojive od \u017eivota s rekom u Podrinju, polako nestaju. Ovi procesi imaju globalne, regionalne i doma\u0107e uzroke, ali prate\u0107i reku i njene mnogobrojne lokalne \u017eivote, mo\u017eemo sagledati njihove slo\u017eene odnose \u2013 i zamisliti njihovu neizvesnu budu\u0107nost.<\/span><\/p>\t\t\t\t\t\t<\/div>\n\t\t\t\t<\/div>\n\t\t\t\t\t<\/div>\n\t\t<\/div>\n\t\t\t\t\t\t\t<\/div>\n\t\t<\/section>\n\t\t\t\t<section class=\"elementor-section elementor-top-section elementor-element elementor-element-987a82e elementor-section-boxed elementor-section-height-default elementor-section-height-default\" data-id=\"987a82e\" data-element_type=\"section\">\n\t\t\t\t\t\t<div class=\"elementor-container elementor-column-gap-default\">\n\t\t\t\t\t<div class=\"elementor-column elementor-col-100 elementor-top-column elementor-element elementor-element-a31cd54\" data-id=\"a31cd54\" data-element_type=\"column\">\n\t\t\t<div class=\"elementor-widget-wrap elementor-element-populated\">\n\t\t\t\t\t\t\t\t<div class=\"elementor-element elementor-element-9aea8a6 elementor-widget elementor-widget-image\" data-id=\"9aea8a6\" data-element_type=\"widget\" data-widget_type=\"image.default\">\n\t\t\t\t<div class=\"elementor-widget-container\">\n\t\t\t\t\t\t\t\t\t\t\t\t\t\t\t<img width=\"2500\" height=\"1478\" src=\"https:\/\/archive.kosovotwopointzero.com\/wp-content\/uploads\/2025\/04\/rafts_5sec.gif\" class=\"attachment-full size-full wp-image-116988\" alt=\"\" loading=\"lazy\" \/>\t\t\t\t\t\t\t\t\t\t\t\t\t\t\t<\/div>\n\t\t\t\t<\/div>\n\t\t\t\t\t<\/div>\n\t\t<\/div>\n\t\t\t\t\t\t\t<\/div>\n\t\t<\/section>\n\t\t\t\t<section class=\"elementor-section elementor-top-section elementor-element elementor-element-94f80bc elementor-section-boxed elementor-section-height-default elementor-section-height-default\" data-id=\"94f80bc\" data-element_type=\"section\">\n\t\t\t\t\t\t<div class=\"elementor-container elementor-column-gap-default\">\n\t\t\t\t\t<div class=\"elementor-column elementor-col-100 elementor-top-column elementor-element elementor-element-09a0383\" data-id=\"09a0383\" data-element_type=\"column\">\n\t\t\t<div class=\"elementor-widget-wrap elementor-element-populated\">\n\t\t\t\t\t\t\t\t<div class=\"elementor-element elementor-element-91c7ae1 elementor-widget elementor-widget-text-editor\" data-id=\"91c7ae1\" data-element_type=\"widget\" data-widget_type=\"text-editor.default\">\n\t\t\t\t<div class=\"elementor-widget-container\">\n\t\t\t\t\t\t\t<p><b>U raftu niz Drinu<\/b><\/p><p><span style=\"font-weight: 400;\">Pratimo tok Drine tri kilometra nizvodno, u selu Bastasi. Jutro je ve\u0107 zagu\u0161ljivo i sparno, jul 2022. godine, a Mila se upravo popela u gumeni rafting \u010damac. Studira na univerzitetu u Beogradu, ali se tokom letnjih meseci vra\u0107a u Podrinje, kao i mnogi njeni vr\u0161njaci.<\/span><\/p><p><span style=\"font-weight: 400;\">Bastasi, u op\u0161tini Fo\u010da, uglavnom se sastoje od rafting kampova du\u017e obala Drine. Danas su polazna ta\u010dka doga\u0111aja Drinska avantura, u kojem 40 gumenih \u010damaca zajedno pluta plavo-zelenom povr\u0161inom reke. Svi \u0107e ploviti Drinom du\u017e 18 vijugavih kilometara, sti\u017eu\u0107i do Fo\u010de otprilike osam sati kasnije. Dva od tih \u010damaca pripadaju Mili i njenim prijateljima \u2013 grupi mladih u kasnim tinejd\u017eerskim i ranim dvadesetim godinama, koji su svi odrasli u Fo\u010di. Neki od njih jo\u0161 uvek \u017eive u gradu, rade ili idu u \u0161kolu, dok su se drugi rasuli po Bosni i Hercegovini i Srbiji zbog studija.<\/span><\/p><p><span style=\"font-weight: 400;\">Ja sam jedini na koga se ni\u0161ta od toga ne odnosi. Iako sam Milin prijatelj, ovde me uglavnom znaju kao \u201conog Holan\u0111anina koji pi\u0161e rad iz politi\u010dkih nauka o svakodnevici omladine u Fo\u010di\u201d. Tog dana, me\u0111utim, nisam bio posmatra\u010d \u2013 veslao sam, pevao, pio, skakao u Drinu i glavom napred prolazio kroz njene divlje, hu\u010dne brzake (gotovo) jednako kao i moji saputnici u raftu. Tek kad sam izronio iz jednog od tih brzaka, napetost je postala o\u010digledna.<\/span><\/p>\t\t\t\t\t\t<\/div>\n\t\t\t\t<\/div>\n\t\t\t\t\t<\/div>\n\t\t<\/div>\n\t\t\t\t\t\t\t<\/div>\n\t\t<\/section>\n\t\t\t\t<section class=\"elementor-section elementor-top-section elementor-element elementor-element-ae05715 elementor-section-boxed elementor-section-height-default elementor-section-height-default\" data-id=\"ae05715\" data-element_type=\"section\">\n\t\t\t\t\t\t<div class=\"elementor-container elementor-column-gap-default\">\n\t\t\t\t\t<div class=\"elementor-column elementor-col-50 elementor-top-column elementor-element elementor-element-e5cdc0a\" data-id=\"e5cdc0a\" data-element_type=\"column\">\n\t\t\t<div class=\"elementor-widget-wrap elementor-element-populated\">\n\t\t\t\t\t\t\t\t<div class=\"elementor-element elementor-element-1e60cca elementor-widget elementor-widget-text-editor\" data-id=\"1e60cca\" data-element_type=\"widget\" data-widget_type=\"text-editor.default\">\n\t\t\t\t<div class=\"elementor-widget-container\">\n\t\t\t\t\t\t\t<p><span style=\"font-weight: 400;\">Kako bi identiteti mojih prijatelja, duboko ukorenjeni u reku, mogli koegzistirati s otpadom koji ta ista bujica vra\u0107a? Kako se generacije ljudskih veza sa rekom mogu uskladiti s opse\u017enim planovima za izgradnju brana na Drini i njenim pritokama? Kako bi ta neoptere\u0107ena reka, prepuna radosti stanovnika jednog grada, mogla da se pomiri sa nere\u0161enim pri\u010dama o ubijenim muslimanima koji su nestali u istoj toj reci tokom 1990-ih?<\/span><\/p><p><span style=\"font-weight: 400;\">Nisam neizazvano delio razmi\u0161ljanja politi\u010dkog nau\u010dnika u ronila\u010dkom odelu sa svojim saputnicima u raftu, niti mislim da bi se takve slo\u017eenosti \u017eivota u Podrinju mogle jednostavno uskladiti ili pomiriti. Uglavnom, pridru\u017eivanje Milinoj grupi na spustu niz Drinu naglasilo je neophodnu povezanost izme\u0111u ljudi i neljudske, ali tako\u0111e \u017eive reke.<\/span><\/p>\t\t\t\t\t\t<\/div>\n\t\t\t\t<\/div>\n\t\t\t\t\t<\/div>\n\t\t<\/div>\n\t\t\t\t<div class=\"elementor-column elementor-col-50 elementor-top-column elementor-element elementor-element-3aa990f\" data-id=\"3aa990f\" data-element_type=\"column\">\n\t\t\t<div class=\"elementor-widget-wrap elementor-element-populated\">\n\t\t\t\t\t\t\t\t<div class=\"elementor-element elementor-element-96eda64 elementor-widget elementor-widget-heading\" data-id=\"96eda64\" data-element_type=\"widget\" data-widget_type=\"heading.default\">\n\t\t\t\t<div class=\"elementor-widget-container\">\n\t\t\t<h3 class=\"elementor-heading-title elementor-size-default\">Dalji detalji o procesu istra\u017eivanja<\/h3>\t\t<\/div>\n\t\t\t\t<\/div>\n\t\t\t\t<div class=\"elementor-element elementor-element-4bb02fc elementor-widget elementor-widget-heading\" data-id=\"4bb02fc\" data-element_type=\"widget\" data-widget_type=\"heading.default\">\n\t\t\t\t<div class=\"elementor-widget-container\">\n\t\t\t<p class=\"elementor-heading-title elementor-size-default\">Iako je napisano u australijskoj prestonici Kanberi, ovaj \u010dlanak odra\u017eava duboku povezanost sa Fo\u010dom, Podrinjem, njegovim ljudima i prirodnim okru\u017eenjima, koja traje od 2017. godine. Veliki deo temelji se na terenskom istra\u017eivanju sprovedenom izme\u0111u 2021. i 2022. godine kao deo doktorskog istra\u017eiva\u010dkog projekta na Univerzitetu u Liverpulu, UK, o politici pejza\u017ea u isto\u010dnoj Bosni. Istra\u017eivanje je finansirano doktorskom stipendijom tog univerziteta. <br><br>\nMladi Fo\u010daci koji se pojavljuju u ovom tekstu pristali su da u\u010destvuju u istra\u017eivanju. Da bi se obezbedila anonimnost (\u0161to je obavezno za ovakve projekte), svi su izabrali pseudonime po svom izboru. Intervjui su vo\u0111eni na bosanskom\/hrvatskom\/srpskom jeziku. Kona\u010dna doktorska disertacija pod nazivom \u201cProizvodnja radosnih, nasilnih i odsutnih pejza\u017ea: \u0161etanje sa mladima i politikom u isto\u010dnoj Bosni\u201d uspe\u0161no je odbranjena u junu 2024. godine.\n<\/p>\t\t<\/div>\n\t\t\t\t<\/div>\n\t\t\t\t\t<\/div>\n\t\t<\/div>\n\t\t\t\t\t\t\t<\/div>\n\t\t<\/section>\n\t\t\t\t<section class=\"elementor-section elementor-top-section elementor-element elementor-element-100f967 elementor-section-boxed elementor-section-height-default elementor-section-height-default\" data-id=\"100f967\" data-element_type=\"section\">\n\t\t\t\t\t\t<div class=\"elementor-container elementor-column-gap-default\">\n\t\t\t\t\t<div class=\"elementor-column elementor-col-100 elementor-top-column elementor-element elementor-element-087a539\" data-id=\"087a539\" data-element_type=\"column\">\n\t\t\t<div class=\"elementor-widget-wrap elementor-element-populated\">\n\t\t\t\t\t\t\t\t<div class=\"elementor-element elementor-element-ae7c0d6 elementor-widget elementor-widget-text-editor\" data-id=\"ae7c0d6\" data-element_type=\"widget\" data-widget_type=\"text-editor.default\">\n\t\t\t\t<div class=\"elementor-widget-container\">\n\t\t\t\t\t\t\t<p><span style=\"font-weight: 400;\">Ljudi Podrinja \u017eive u bliskoj vezi sa Drinom i njenim pritokama. Reka i ljudi me\u0111usobno oblikuju egzistenciju i postupke jednih drugih; \u017eivotni izazovi i mogu\u0107nosti oblikuju se kroz ovu povezanost. S obzirom na mnogobrojne biodiverzitetske i sociopoliti\u010dke sisteme du\u017e 346 kilometara Drine, ova pri\u010da se de\u0161ava u gornjem toku reke \u2014 Gornjem Podrinju, ta\u010dnije tamo gde reka ulazi u grad Fo\u010du, u entitetu Republike Srpske, Bosna i Hercegovina. Drina nastaje u ovoj op\u0161tini, na u\u0161\u0107u reka Piva i Tara na granici sa Crnom Gorom, a u ovoj op\u0161tini je spaja 16 pritoka.<\/span><\/p><p><span style=\"font-weight: 400;\">Svesno sam odabrao da Drina bude glavna junakinja ove pri\u010de. Pripoveda\u010di odavno pi\u0161u i razmi\u0161ljaju o svetovima u kojima ljudi nisu u sredi\u0161tu pa\u017enje. U novije vreme, <\/span><a href=\"https:\/\/www.penguin.co.uk\/books\/442544\/elixir-by-kassabova-kapka\/9781529920475\" target=\"_blank\" target=\"_blank\"><span style=\"font-weight: 400;\">pisci poput Kapke Kassabove<\/span><\/a><span style=\"font-weight: 400;\"> i <\/span><a href=\"https:\/\/inpressbooks.co.uk\/products\/my-rivers?pr_prod_strat=e5_desc&amp;pr_rec_id=a21d83907&amp;pr_rec_pid=8324660330785&amp;pr_ref_pid=3212283013&amp;pr_seq=uniform\" target=\"_blank\"><span style=\"font-weight: 400;\">Faruka \u0160ehi\u0107a daju glas rekama, \u017eivotinjama i biljkama Balkana<\/span><\/a><span style=\"font-weight: 400;\">, dok im se pridru\u017euju i akademska istra\u017eivanja o <\/span><a href=\"https:\/\/ceupress.com\/book\/riverine-citizenship\" target=\"_blank\"><span style=\"font-weight: 400;\">rekama i ljubavi u Bosni i Hercegovini<\/span><\/a><span style=\"font-weight: 400;\">, <\/span><a href=\"https:\/\/portal.uniri.hr\/portfelj\/65\" target=\"_blank\"><span style=\"font-weight: 400;\">doma\u0107im \u017eivotinjama u Hrvatskoj<\/span><\/a><span style=\"font-weight: 400;\"> i <\/span><a href=\"https:\/\/roadsides.net\/kojanic-008\/\" target=\"_blank\"><span style=\"font-weight: 400;\">neugodnim susretima sa \u0161akalima u Beogradu<\/span><\/a><span style=\"font-weight: 400;\">.<\/span><\/p><p><span style=\"font-weight: 400;\">Reka te\u010de, kaplje, prelazi granice, povla\u010di se, otkriva, skriva, zagreva i smrzava. Uprkos na\u0161oj ve\u010ditoj nemogu\u0107nosti da shvatimo, a kamoli verbalizujemo, sve aktivnosti ovog re\u010dnog ekosistema, ono \u0161to sledi je pri\u010da o Drini i ljudima oko nje.<\/span><\/p><p><b>Snaga reka<\/b><i><span style=\"font-weight: 400;\">\u00a0<\/span><\/i><\/p><p><span style=\"font-weight: 400;\">Tokom Drinske avanture, trebalo nam je vi\u0161e od osam sati da nas reka i na\u0161i \u010damci odnesu do Fo\u010de, rodnog grada ve\u0107ine u\u010desnika, 18 kilometara nizvodno. Kako je dan odmicao, tempo nam se znatno usporavao, dok su alkohol i sunce podsticali sve razigranije nesta\u0161luke.<\/span><\/p><p><span style=\"font-weight: 400;\">U po\u010detku, Drina je vijugava i brza, ubrzana nizom brzaka i uskih prolaza. Kako se pribli\u017eava mestu Brod, njeno korito se ispravlja i \u0161iri, dok pravi jo\u0161 jedan \u0161irok zavoj pre nego \u0161to krene ka Fo\u010di. Strma re\u010dna obala obrasla drve\u0107em postepeno ustupa mesto za\u0161titnim ogradama magistralnog puta M20 koji vodi ka Sarajevu. Naizgled nepokolebljiva, reka prihvata urbane intervencije na svojim obalama: nedavno izgra\u0111enu benzinsku pumpu, \u017euti most koji omogu\u0107ava suvi prelazak pe\u0161acima i vozilima, kao i gradski bazen koji se ponosno isti\u010de svojom hlorisanom vodom.<\/span><\/p>\t\t\t\t\t\t<\/div>\n\t\t\t\t<\/div>\n\t\t\t\t\t<\/div>\n\t\t<\/div>\n\t\t\t\t\t\t\t<\/div>\n\t\t<\/section>\n\t\t\t\t<section class=\"elementor-section elementor-top-section elementor-element elementor-element-e7ecdd1 elementor-section-boxed elementor-section-height-default elementor-section-height-default\" data-id=\"e7ecdd1\" data-element_type=\"section\">\n\t\t\t\t\t\t<div class=\"elementor-container elementor-column-gap-default\">\n\t\t\t\t\t<div class=\"elementor-column elementor-col-100 elementor-top-column elementor-element elementor-element-bd5fa93\" data-id=\"bd5fa93\" data-element_type=\"column\">\n\t\t\t<div class=\"elementor-widget-wrap elementor-element-populated\">\n\t\t\t\t\t\t\t\t<div class=\"elementor-element elementor-element-b7b867d elementor-widget elementor-widget-image\" data-id=\"b7b867d\" data-element_type=\"widget\" data-widget_type=\"image.default\">\n\t\t\t\t<div class=\"elementor-widget-container\">\n\t\t\t\t\t\t\t\t\t\t\t\t<figure class=\"wp-caption\">\n\t\t\t\t\t\t\t\t\t\t<img width=\"2560\" height=\"1920\" src=\"https:\/\/archive.kosovotwopointzero.com\/wp-content\/uploads\/2024\/12\/20220312_113512-min-scaled.jpg\" class=\"attachment-full size-full wp-image-111167\" alt=\"\" loading=\"lazy\" srcset=\"https:\/\/archive.kosovotwopointzero.com\/wp-content\/uploads\/2024\/12\/20220312_113512-min-scaled.jpg 2560w, https:\/\/archive.kosovotwopointzero.com\/wp-content\/uploads\/2024\/12\/20220312_113512-min-300x225.jpg 300w, https:\/\/archive.kosovotwopointzero.com\/wp-content\/uploads\/2024\/12\/20220312_113512-min-1024x768.jpg 1024w, https:\/\/archive.kosovotwopointzero.com\/wp-content\/uploads\/2024\/12\/20220312_113512-min-768x576.jpg 768w, https:\/\/archive.kosovotwopointzero.com\/wp-content\/uploads\/2024\/12\/20220312_113512-min-1536x1152.jpg 1536w, https:\/\/archive.kosovotwopointzero.com\/wp-content\/uploads\/2024\/12\/20220312_113512-min-2048x1536.jpg 2048w, https:\/\/archive.kosovotwopointzero.com\/wp-content\/uploads\/2024\/12\/20220312_113512-min-326x245.jpg 326w\" sizes=\"(max-width: 2560px) 100vw, 2560px\" \/>\t\t\t\t\t\t\t\t\t\t\t<figcaption class=\"widget-image-caption wp-caption-text\">Pejza\u017e Podrinja oblikuju reke koje vijugaju kroz doline me\u0111u planinama. Fotografija: Michiel Piersma<\/figcaption>\n\t\t\t\t\t\t\t\t\t\t<\/figure>\n\t\t\t\t\t\t\t\t\t<\/div>\n\t\t\t\t<\/div>\n\t\t\t\t\t<\/div>\n\t\t<\/div>\n\t\t\t\t\t\t\t<\/div>\n\t\t<\/section>\n\t\t\t\t<section class=\"elementor-section elementor-top-section elementor-element elementor-element-975e542 elementor-section-boxed elementor-section-height-default elementor-section-height-default\" data-id=\"975e542\" data-element_type=\"section\">\n\t\t\t\t\t\t<div class=\"elementor-container elementor-column-gap-default\">\n\t\t\t\t\t<div class=\"elementor-column elementor-col-100 elementor-top-column elementor-element elementor-element-d0859fe\" data-id=\"d0859fe\" data-element_type=\"column\">\n\t\t\t<div class=\"elementor-widget-wrap elementor-element-populated\">\n\t\t\t\t\t\t\t\t<div class=\"elementor-element elementor-element-5d6fdc3 elementor-widget elementor-widget-text-editor\" data-id=\"5d6fdc3\" data-element_type=\"widget\" data-widget_type=\"text-editor.default\">\n\t\t\t\t<div class=\"elementor-widget-container\">\n\t\t\t\t\t\t\t<p><span style=\"font-weight: 400;\">Odmah nakon vodenog parka, Drina prima svoju desnu pritoku, \u0106ehotinu. \u0106ehotina dolazi u centar Fo\u010de iz retko naseljenih \u0161umskih predela na istoku pre nego \u0161to se ulije u Drinu. Na ovom u\u0161\u0107u, Fo\u010da postaje \u201cgrad na dve reke\u201d, kako ga \u010desto nazivaju Fo\u010daci \u2013 nagla\u0161avaju\u0107i njegovu posebnost u odnosu na susedna mesta u Podrinju.<\/span><\/p><p><span style=\"font-weight: 400;\">Mila i njeni prijatelji porede Fo\u010du s Vi\u0161egradom, poznatim po mostu pod za\u0161titom UNESCO-a i turistima iz celog sveta. Milo\u0161 ka\u017ee da je Vi\u0161egrad \u201cmrtav\u201d, dok kombinovana lepota Drine i \u0106ehotine \u201cobavezuje da brinemo o njima\u201d. \u201cBez Drine i \u0106ehotine, Fo\u010da ne bi bila Fo\u010da\u201d, dodaje Dorijan.<\/span><\/p><p><span style=\"font-weight: 400;\">Drina i \u0106ehotina su potpuno razli\u010dite \u2013 po kvalitetu vode, dubini, temperaturi, struji, mirisu, \u010dak i \u201cli\u010dnosti\u201d. Te razlike najjasnije se ose\u0107aju na samom u\u0161\u0107u. Sr\u0111an ka\u017ee da kupa\u010di \u010desto plivaju ba\u0161 na mestu gde se reke spajaju, jer tu mogu da osete kako im \u201cjedna polovina tela mrzne, a druga je topla\u201d. \u010cak i tokom najvrelijih letnjih dana, temperatura Drine ne prelazi 13 stepeni Celzijusa, \u0161to, kako mi Dorijan obja\u0161njava, dolazi od njene veze s Pivskim jezerom, planinskim rezervoarom dubokim i do 190 metara.<\/span><\/p><p><span style=\"font-weight: 400;\">\u0106ehotina je pitoma i mirna, reka na kojoj u\u010di\u0161 da pliva\u0161 i na \u010dijoj pla\u017ei le\u017ei\u0161 do zalaska sunca. Drina je, nasuprot tome, \u010dista, ali nepredvidiva \u2013 bi\u0107e koje se te\u0161ko ukro\u0107uje. Sr\u0111an je u Drini video vidre, \u0161to mu je dokaz njene \u010disto\u0107e.<\/span><\/p><p><span style=\"font-weight: 400;\">\u0106ehotina ima razvijeniju infrastrukturu za kupanje, sa ure\u0111enim gradskim pla\u017eama koje \u0107emo posetiti kasnije. Ali, u letnjim danima \u017eege, Drina privla\u010di one koji tra\u017ee osve\u017eenje \u2013 mada ne nu\u017eno i one slabijeg srca. Laura mi pri\u010da kako su ona i njeni prijatelji pravili takmi\u010denja u hrabrosti: ko \u0107e prvi sko\u010diti u duboku vodu, otplivati do sredine i ostati tamo najdu\u017ee.<\/span><\/p><p><span style=\"font-weight: 400;\">Mila, s kojom sam u \u010damcu, pokazuje na stenu koja slu\u017ei kao skakaonica: \u201cU osnovnoj \u0161koli smo celo leto provodili tamo, svaki dan. Bili smo napolju od jutra do mraka, 45 stepeni, ne znam ni kako smo izdr\u017eavali, ali smo i\u0161li. Volim kad je voda hladna. Ako je hladna, sigurno je i \u010dista.\u201d<\/span><\/p>\t\t\t\t\t\t<\/div>\n\t\t\t\t<\/div>\n\t\t\t\t\t<\/div>\n\t\t<\/div>\n\t\t\t\t\t\t\t<\/div>\n\t\t<\/section>\n\t\t\t\t<section class=\"elementor-section elementor-top-section elementor-element elementor-element-16e47fb elementor-section-boxed elementor-section-height-default elementor-section-height-default\" data-id=\"16e47fb\" data-element_type=\"section\">\n\t\t\t\t\t\t<div class=\"elementor-container elementor-column-gap-default\">\n\t\t\t\t\t<div class=\"elementor-column elementor-col-100 elementor-top-column elementor-element elementor-element-305d096\" data-id=\"305d096\" data-element_type=\"column\">\n\t\t\t<div class=\"elementor-widget-wrap elementor-element-populated\">\n\t\t\t\t\t\t\t\t<div class=\"elementor-element elementor-element-736656a elementor-widget elementor-widget-image\" data-id=\"736656a\" data-element_type=\"widget\" data-widget_type=\"image.default\">\n\t\t\t\t<div class=\"elementor-widget-container\">\n\t\t\t\t\t\t\t\t\t\t\t\t<figure class=\"wp-caption\">\n\t\t\t\t\t\t\t\t\t\t<img width=\"1825\" height=\"1079\" src=\"https:\/\/archive.kosovotwopointzero.com\/wp-content\/uploads\/2025\/04\/gif_drinacehotina.gif\" class=\"attachment-full size-full wp-image-116997\" alt=\"\" loading=\"lazy\" \/>\t\t\t\t\t\t\t\t\t\t\t<figcaption class=\"widget-image-caption wp-caption-text\"><\/figcaption>\n\t\t\t\t\t\t\t\t\t\t<\/figure>\n\t\t\t\t\t\t\t\t\t<\/div>\n\t\t\t\t<\/div>\n\t\t\t\t\t<\/div>\n\t\t<\/div>\n\t\t\t\t\t\t\t<\/div>\n\t\t<\/section>\n\t\t\t\t<section class=\"elementor-section elementor-top-section elementor-element elementor-element-e3b92d7 elementor-section-boxed elementor-section-height-default elementor-section-height-default\" data-id=\"e3b92d7\" data-element_type=\"section\">\n\t\t\t\t\t\t<div class=\"elementor-container elementor-column-gap-default\">\n\t\t\t\t\t<div class=\"elementor-column elementor-col-100 elementor-top-column elementor-element elementor-element-092ce10\" data-id=\"092ce10\" data-element_type=\"column\">\n\t\t\t<div class=\"elementor-widget-wrap elementor-element-populated\">\n\t\t\t\t\t\t\t\t<div class=\"elementor-element elementor-element-4d33074 elementor-widget elementor-widget-text-editor\" data-id=\"4d33074\" data-element_type=\"widget\" data-widget_type=\"text-editor.default\">\n\t\t\t\t<div class=\"elementor-widget-container\">\n\t\t\t\t\t\t\t<p><span style=\"font-weight: 400;\">\u010cesto sam prime\u0107ivao oprezno po\u0161tovanje prema vodama Drine \u2013 reka je opasna i nepredvidiva. Njena snaga i tok naglo rastu po\u010detkom prole\u0107a, a najdivljija je u maju. Tokom zime pove\u0107ava se rizik od poplava, a se\u0107anja na trenutke kada je Drina izlila iz svog korita i dalje su sve\u017ea u mislima mnogih mojih sagovornika. Stefan se prise\u0107a nedavnog incidenta kada je Tara, reka iz koje izvire Drina, gotovo progutala jednog raftera. Taj trenutak mu je pokazao narav reke i potrebu da prema prirodi uvek gajimo dozu straha i opreza. \u201cReke imaju svoje \u017ertve\u201d, ka\u017ee on.<\/span><\/p><p><span style=\"font-weight: 400;\">U pesmi \u201cDvije su se rijeke zavadile\u201d \u2013 poznatoj bosanskoj sevdalinci \u2013 ro\u0111ena Fo\u010danka Zehra Deovi\u0107 peva o Drini i \u0106ehotini u me\u0111usobnom sukobu. Pri\u010da govori o dve sestre \u2013 mutna \u0106ehotina moli studenu Drinu da je sa\u010deka dok se vidi s voljenim. Njihov nemirni temperament u pesmi odra\u017eava stvarni doga\u0111aj s po\u010detka 18. veka, kada su se ove dve reke izlivale iz korita i poplavile vi\u0161e od 200 ku\u0107a u Fo\u010di. Tokom vekova, reke su nadirale, pretile i oblikovale \u017eivote i svest ljudi.<\/span><\/p><p><span style=\"font-weight: 400;\">Poznata izreka ka\u017ee da \u201ckrivu Drinu ne mo\u017ee\u0161 ispraviti\u201d, aludiraju\u0107i na neukrotivu snagu prirode nad \u010dovekom. Ipak, mnogi su poku\u0161ali da obuzdaju njen tok i tok njenih pritoka, pre svega u cilju iskori\u0161\u0107avanja hidroenergije.<\/span><\/p>\t\t\t\t\t\t<\/div>\n\t\t\t\t<\/div>\n\t\t\t\t\t<\/div>\n\t\t<\/div>\n\t\t\t\t\t\t\t<\/div>\n\t\t<\/section>\n\t\t\t\t<section class=\"elementor-section elementor-top-section elementor-element elementor-element-e5ac4df elementor-section-boxed elementor-section-height-default elementor-section-height-default\" data-id=\"e5ac4df\" data-element_type=\"section\">\n\t\t\t\t\t\t<div class=\"elementor-container elementor-column-gap-default\">\n\t\t\t\t\t<div class=\"elementor-column elementor-col-50 elementor-top-column elementor-element elementor-element-12e3f94\" data-id=\"12e3f94\" data-element_type=\"column\">\n\t\t\t<div class=\"elementor-widget-wrap elementor-element-populated\">\n\t\t\t\t\t\t\t\t<div class=\"elementor-element elementor-element-42771d6 elementor-widget elementor-widget-text-editor\" data-id=\"42771d6\" data-element_type=\"widget\" data-widget_type=\"text-editor.default\">\n\t\t\t\t<div class=\"elementor-widget-container\">\n\t\t\t\t\t\t\t<p>Jedan takav poku\u0161aj pogodio je reku Bjelavu, Drininu pritoku devet kilometara uzvodno od centra Fo\u010de, gde proti\u010de kroz guste \u0161ume graba, bukve i hrasta.<\/p><p>Godine 2018. godine, Gordan Pavlovi\u0107,\u00a0<a href=\"https:\/\/cin.ba\/gocijeva-imperija\/\" target=\"_blank\">glavni investitor u Fo\u010di<\/a>, potpisao je koncesioni ugovor s Ministarstvom energetike i rudarstva Republike Srpske o izgradnji niza malih hidroelektrana na Bjelavi. Za razliku od klasi\u010dnih hidroelektrana s ogromnim akumulacijama, male hidroelektrane koriste proto\u010dnu vodu, \u0161to zahteva zna\u010dajne promene u re\u010dnom koritu i obalama. Iako se predstavljaju kao klju\u010dne za prelazak na \u010distu i zelenu energiju,\u00a0<a href=\"https:\/\/balkanrivers.net\/sites\/default\/files\/Riverwatch_Black_catalogue_PDF.pdf\" target=\"_blank\">istra\u017eivanja pokazuju da su ove male elektrane neefikasne u proizvodnji hidroenergije<\/a>, dok istovremeno nesrazmerno uni\u0161tavaju krhke ekosisteme manjih vodotokova.<\/p><p><span style=\"font-weight: 400;\">Po\u010detkom 2020. godine, Pavlovi\u0107 je zapo\u010deo takozvane pripremne radove na Bjelavi. Iako su ekolo\u0161ki propisi u Republici Srpskoj retki i slabo primenjeni, postalo je jasno da Pavlovi\u0107 nije imao pravo da gradi branu. <\/span><a href=\"https:\/\/czzs.org\/construction-of-shpp-on-bjelava-and-mala-bjelava-rivers-every-country-has-a-mafia-but-here-the-mafia-has-its-country\/?lang=en\" target=\"_blank\"><span style=\"font-weight: 400;\">Koncesioni ugovor nije uklju\u010divao gra\u0111evinske dozvole<\/span><\/a><span style=\"font-weight: 400;\">. Ipak, on je bez odobrenja zapo\u010deo radove, iskoristiv\u0161i do maksimuma paralizu vlasti i protestnih inicijativa usled lokalnih mera zatvaranja zbog pandemije COVID-19.<\/span><\/p>\t\t\t\t\t\t<\/div>\n\t\t\t\t<\/div>\n\t\t\t\t\t<\/div>\n\t\t<\/div>\n\t\t\t\t<div class=\"elementor-column elementor-col-50 elementor-top-column elementor-element elementor-element-7cb1d85\" data-id=\"7cb1d85\" data-element_type=\"column\">\n\t\t\t<div class=\"elementor-widget-wrap elementor-element-populated\">\n\t\t\t\t\t\t\t\t<div class=\"elementor-element elementor-element-ca95c67 elementor-widget elementor-widget-heading\" data-id=\"ca95c67\" data-element_type=\"widget\" data-widget_type=\"heading.default\">\n\t\t\t\t<div class=\"elementor-widget-container\">\n\t\t\t<h3 class=\"elementor-heading-title elementor-size-default\">Pravna\/ustavna struktura BiH<\/h3>\t\t<\/div>\n\t\t\t\t<\/div>\n\t\t\t\t<div class=\"elementor-element elementor-element-cb954a1 elementor-widget elementor-widget-heading\" data-id=\"cb954a1\" data-element_type=\"widget\" data-widget_type=\"heading.default\">\n\t\t\t\t<div class=\"elementor-widget-container\">\n\t\t\t<p class=\"elementor-heading-title elementor-size-default\">Potpisivanjem Dejtonskog mirovnog sporazuma 1995. godine, Bosna i Hercegovina je ustavno podeljena na dva subnacionalna vladina tela: Federaciju Bosne i Hercegovine i Republiku Srpsku, uz Br\u010dko Distrikt. Grad Fo\u010da se nalazi u Republici Srpskoj, kao i ve\u0107ina Podrinja: od svojih 346 kilometara, reka Drina proti\u010de kroz Federaciju samo 25 kilometara. Nasilni cilj srpskog i bosanskosrpskog rukovodstva da se uspostavi Velika Srbija nije doveo do sticanja suverene dr\u017eavnosti, ali postratna struktura ipak priznaje teritorijalni prostor koji je tokom rata nasilno preuzet. <br><br>\nPoliti\u010dki analiti\u010dari su prou\u010davali kako Republika Srpska poku\u0161ava da deluje kao suvereni dr\u017eavni akter, para-dr\u017eava koja tvrdi da predstavlja Srbe u Bosni. Ovo liminalno stanje postojanja \u2014 nesposobno da obezbedi me\u0111unarodno priznanje, ali sa velikim subdr\u017eavnim nadle\u017enostima \u2014 pokazalo se posebno kontroverznim u vezi sa zahtevima za Drinu. Naime, Ministarstvo poljoprivrede, \u0161umarstva i vodoprivrede Republike Srpske u principu ima nadle\u017enost nad vodenim tokovima Republike Srpske. Ipak, 2020. godine, sporazum Republike Srpske sa Srbijom o hidroekonomskoj eksploataciji Drine progla\u0161en je neustavnim od strane najvi\u0161eg suda Bosne i Hercegovine, jer subnacionalne jedinice nemaju pravo da uti\u010du na suverene granice Bosne i Hercegovine \u2014 Drinu kao prirodnu granicu izme\u0111u BiH i Srbije u ovom slu\u010daju.<\/p>\t\t<\/div>\n\t\t\t\t<\/div>\n\t\t\t\t\t<\/div>\n\t\t<\/div>\n\t\t\t\t\t\t\t<\/div>\n\t\t<\/section>\n\t\t\t\t<section class=\"elementor-section elementor-top-section elementor-element elementor-element-6f190d1 elementor-section-boxed elementor-section-height-default elementor-section-height-default\" data-id=\"6f190d1\" data-element_type=\"section\">\n\t\t\t\t\t\t<div class=\"elementor-container elementor-column-gap-default\">\n\t\t\t\t\t<div class=\"elementor-column elementor-col-100 elementor-top-column elementor-element elementor-element-f18577e\" data-id=\"f18577e\" data-element_type=\"column\">\n\t\t\t<div class=\"elementor-widget-wrap elementor-element-populated\">\n\t\t\t\t\t\t\t\t<div class=\"elementor-element elementor-element-b10e165 elementor-widget elementor-widget-text-editor\" data-id=\"b10e165\" data-element_type=\"widget\" data-widget_type=\"text-editor.default\">\n\t\t\t\t<div class=\"elementor-widget-container\">\n\t\t\t\t\t\t\t<p><span style=\"font-weight: 400;\">Studije o uticaju na \u017eivotnu sredinu, hidrolo\u0161ke inspekcije i netransparentne javne konsultacije zapo\u010dele su tek nakon gra\u0111anskih protesta i pravnih sporova. Bjelava je jedna od <\/span><a href=\"https:\/\/kosovotwopointzero.com\/en\/captured-rivers\/\" target=\"_blank\"><span style=\"font-weight: 400;\">mnogih reka u Bosni i Hercegovini \u010diji je tok naru\u0161en<\/span><\/a><span style=\"font-weight: 400;\">. Tokom leta 2024. godine, <\/span><a href=\"https:\/\/balkaninsight.com\/2024\/08\/21\/victorious-una-river-protests-a-symbol-of-resistance\/\" target=\"_blank\"><span style=\"font-weight: 400;\">opasni projekti izgradnje brana na Uni<\/span><\/a><span style=\"font-weight: 400;\"> i <\/span><a href=\"https:\/\/balkanrivers.net\/en\/news\/great-victory-for-the-citizens-of-the-neretvica-valley-the-concession-contract-terminated\" target=\"_blank\"><span style=\"font-weight: 400;\">Neretvi<\/span><\/a><span style=\"font-weight: 400;\"> su zaustavljeni, \u010dime su neumorni napori lokalnih ekolo\u0161kih aktivista kona\u010dno dali rezultate.<\/span><\/p><p><span style=\"font-weight: 400;\">Radovi na Bjelavi su tako\u0111e obustavljeni, ali neizvesnost ostaje jer su studije o uticaju na \u017eivotnu sredinu jo\u0161 u toku. \u0160teta po prirodu, me\u0111utim, ve\u0107 je u\u010dinjena.<\/span><\/p><p><span style=\"font-weight: 400;\">Debele birokratske magle oko u\u010de\u0161\u0107a gra\u0111ana i sudskih procesa razilaze se tek kada se kro\u010di na obale Bjelave. Pripremni radovi ozbiljno su naru\u0161ili reku: \u0161irok makadamski put se\u010de preostalu \u0161umu, obale su duboko iskopane, masivne cevi vise u vazduhu, a nekada\u0161nji meandar reke ispravljen je tonama zemlje. Ovo su Pavlovi\u0107evi destruktivni poku\u0161aji da ukroti reku.<\/span><\/p><p><span style=\"font-weight: 400;\">U oktobru 2024. godine, Pavlovi\u0107 je <\/span><a href=\"https:\/\/capital.ba\/pavgord-preko-laktasa-do-koncesija-za-mhe-u-foci\/\" target=\"_blank\"><span style=\"font-weight: 400;\">dobio koncesije za izgradnju tri male hidroelektrane<\/span><\/a><span style=\"font-weight: 400;\"> na \u0106ehotini, pridru\u017eiv\u0161i ih spisku od <\/span><a href=\"https:\/\/riverwatch.eu\/sites\/default\/files\/uploads\/Studien\/Balkan_HPP_Update_2022.pdf\" target=\"_blank\"><span style=\"font-weight: 400;\">411 hidroelektrana koje su u izgradnji ili planirane \u0161irom Bosne i Hercegovine od 2022. godine<\/span><\/a><span style=\"font-weight: 400;\">.<\/span><\/p>\t\t\t\t\t\t<\/div>\n\t\t\t\t<\/div>\n\t\t\t\t\t<\/div>\n\t\t<\/div>\n\t\t\t\t\t\t\t<\/div>\n\t\t<\/section>\n\t\t\t\t<section class=\"elementor-section elementor-top-section elementor-element elementor-element-57d55f2 elementor-section-boxed elementor-section-height-default elementor-section-height-default\" data-id=\"57d55f2\" data-element_type=\"section\">\n\t\t\t\t\t\t<div class=\"elementor-container elementor-column-gap-default\">\n\t\t\t\t\t<div class=\"elementor-column elementor-col-100 elementor-top-column elementor-element elementor-element-62a8468\" data-id=\"62a8468\" data-element_type=\"column\">\n\t\t\t<div class=\"elementor-widget-wrap elementor-element-populated\">\n\t\t\t\t\t\t\t\t<div class=\"elementor-element elementor-element-2a88683 elementor-widget elementor-widget-image\" data-id=\"2a88683\" data-element_type=\"widget\" data-widget_type=\"image.default\">\n\t\t\t\t<div class=\"elementor-widget-container\">\n\t\t\t\t\t\t\t\t\t\t\t\t<figure class=\"wp-caption\">\n\t\t\t\t\t\t\t\t\t\t<img width=\"1825\" height=\"1079\" src=\"https:\/\/archive.kosovotwopointzero.com\/wp-content\/uploads\/2025\/04\/hydropower.gif\" class=\"attachment-full size-full wp-image-116985\" alt=\"\" loading=\"lazy\" \/>\t\t\t\t\t\t\t\t\t\t\t<figcaption class=\"widget-image-caption wp-caption-text\"><\/figcaption>\n\t\t\t\t\t\t\t\t\t\t<\/figure>\n\t\t\t\t\t\t\t\t\t<\/div>\n\t\t\t\t<\/div>\n\t\t\t\t\t<\/div>\n\t\t<\/div>\n\t\t\t\t\t\t\t<\/div>\n\t\t<\/section>\n\t\t\t\t<section class=\"elementor-section elementor-top-section elementor-element elementor-element-79399df elementor-section-boxed elementor-section-height-default elementor-section-height-default\" data-id=\"79399df\" data-element_type=\"section\">\n\t\t\t\t\t\t<div class=\"elementor-container elementor-column-gap-default\">\n\t\t\t\t\t<div class=\"elementor-column elementor-col-100 elementor-top-column elementor-element elementor-element-181730d\" data-id=\"181730d\" data-element_type=\"column\">\n\t\t\t<div class=\"elementor-widget-wrap elementor-element-populated\">\n\t\t\t\t\t\t\t\t<div class=\"elementor-element elementor-element-b7e4afa elementor-widget elementor-widget-text-editor\" data-id=\"b7e4afa\" data-element_type=\"widget\" data-widget_type=\"text-editor.default\">\n\t\t\t\t<div class=\"elementor-widget-container\">\n\t\t\t\t\t\t\t<p><span style=\"font-weight: 400;\">Za neke su reke te\u010dno zlato, a njihovi tokovi prolaze kroz mre\u017ee politi\u010dkih veza, povezuju\u0107i lokalne i nacionalne centre mo\u0107i. Ali kada oslu\u0161nemo njihov \u017eubor i udahnemo sve\u017e miris \u0161ume, podse\u0107amo se da je Bjelava, na svom putu ka mo\u0107noj Drini, mnogo vi\u0161e od ekonomske ra\u010dunice \u2013 ona je prostor gde se priroda i dru\u0161tvo neprestano prepli\u0107u.<\/span><\/p><p><b>Drina kao granica nasilja<\/b><span style=\"font-weight: 400;\">\u00a0<\/span><\/p><p><span style=\"font-weight: 400;\">Tokom 20. veka, Drina je bila instrumentalizovana kao prirodni simbol nacije, podr\u017eavaju\u0107i nasilne teritorijalne pretenzije. Tridesetih godina, vo\u0111e fa\u0161isti\u010dke usta\u0161ke ideologije teorisale su o pro\u0161irenju hrvatske domovine na Podrinje, vide\u0107i Drinu kao isto\u010dni katoli\u010dki bedem protiv pravoslavlja \u2013 mit koji je opstao i dugo nakon zavr\u0161etka Drugog svetskog rata.<\/span><\/p><p><span style=\"font-weight: 400;\">Jo\u0161 ranije, reka je postala simbol srpske \u017ertve nakon uspe\u0161ne vojne kampanje u Podrinju protiv austrougarskih snaga u Prvom svetskom ratu. U pesmi \u201cMar\u0161 na Drinu\u201d, reka se poziva da peva i <\/span><a href=\"https:\/\/tekstovi-pesama.com\/narodna-pesma\/mars-na-drinu\/35089\/1\" target=\"_blank\"><span style=\"font-weight: 400;\">pamti pale vojnike koji su hladnu reku pretvorili u krvavi potok<\/span><\/a><span style=\"font-weight: 400;\"> i \u201cproterali tu\u0111ina sa reke na\u0161e drage\u201d.<\/span><\/p>\t\t\t\t\t\t<\/div>\n\t\t\t\t<\/div>\n\t\t\t\t\t<\/div>\n\t\t<\/div>\n\t\t\t\t\t\t\t<\/div>\n\t\t<\/section>\n\t\t\t\t<section class=\"elementor-section elementor-top-section elementor-element elementor-element-9a5707e elementor-section-boxed elementor-section-height-default elementor-section-height-default\" data-id=\"9a5707e\" data-element_type=\"section\">\n\t\t\t\t\t\t<div class=\"elementor-container elementor-column-gap-default\">\n\t\t\t\t\t<div class=\"elementor-column elementor-col-50 elementor-top-column elementor-element elementor-element-a11ea82\" data-id=\"a11ea82\" data-element_type=\"column\">\n\t\t\t<div class=\"elementor-widget-wrap elementor-element-populated\">\n\t\t\t\t\t\t\t\t<div class=\"elementor-element elementor-element-ba44170 elementor-widget elementor-widget-text-editor\" data-id=\"ba44170\" data-element_type=\"widget\" data-widget_type=\"text-editor.default\">\n\t\t\t\t<div class=\"elementor-widget-container\">\n\t\t\t\t\t\t\t<p><span style=\"font-weight: 400;\">Ovaj dvostruki simbol Drine \u2013 kao granice i kao \u017eivotne linije \u2013 gajio se u mitologijama gde se prepli\u0107u kulturna ma\u0161ta i smrtonosni politi\u010dki projekti. Od osamdesetih godina, Drina je zauzela centralno mesto u nacionalisti\u010dkom projektu Velike Srbije, postaju\u0107i osnova masovnog nasilja koje je u narednoj deceniji pogodilo bo\u0161nja\u010dko stanovni\u0161tvo u slivu reke.<\/span><\/p><p><span style=\"font-weight: 400;\">Za srpske i bosanskosrpske politi\u010dke lidere, Drina nije trebalo da ostane granica izme\u0111u Srbije i Bosne i Hercegovine. Kada je 1992. progla\u0161ena Republika Srpska pod srpskom kontrolom, predsednik Srbije Slobodan Milo\u0161evi\u0107 rekao je da je <\/span><a href=\"https:\/\/ilmijja.ba\/ojs\/index.php\/casopis1\/article\/view\/1626\/1570\" target=\"_blank\"><span style=\"font-weight: 400;\">Drina ki\u010dma nacije, osnovni stub srpskog nacionalnog tela<\/span><\/a><span style=\"font-weight: 400;\">. Politi\u010dka elita Republike Srpske imala je druga\u010diju metaforu \u2013 za njih, Drina je bila <\/span><a href=\"https:\/\/archive.sensecentar.org\/vijesti.php?aid=13194\" target=\"_blank\"><span style=\"font-weight: 400;\">du\u0161nik koji povezuje dva plu\u0107na krila<\/span><\/a><span style=\"font-weight: 400;\">. Bilo da se zami\u0161ljala kao ki\u010dma ili du\u0161nik, Drina je predstavljala prirodni tok i vezu srpskih \u017eivota s obe strane obale.<\/span><\/p>\t\t\t\t\t\t<\/div>\n\t\t\t\t<\/div>\n\t\t\t\t\t<\/div>\n\t\t<\/div>\n\t\t\t\t<div class=\"elementor-column elementor-col-50 elementor-top-column elementor-element elementor-element-4fa82fb\" data-id=\"4fa82fb\" data-element_type=\"column\">\n\t\t\t<div class=\"elementor-widget-wrap elementor-element-populated\">\n\t\t\t\t\t\t\t\t<div class=\"elementor-element elementor-element-90c8a21 elementor-widget elementor-widget-image\" data-id=\"90c8a21\" data-element_type=\"widget\" data-widget_type=\"image.default\">\n\t\t\t\t<div class=\"elementor-widget-container\">\n\t\t\t\t\t\t\t\t\t\t\t\t\t\t\t<img width=\"592\" height=\"844\" src=\"https:\/\/archive.kosovotwopointzero.com\/wp-content\/uploads\/2025\/04\/map_lesswhite.gif\" class=\"attachment-full size-full wp-image-117025\" alt=\"\" loading=\"lazy\" \/>\t\t\t\t\t\t\t\t\t\t\t\t\t\t\t<\/div>\n\t\t\t\t<\/div>\n\t\t\t\t\t<\/div>\n\t\t<\/div>\n\t\t\t\t\t\t\t<\/div>\n\t\t<\/section>\n\t\t\t\t<section class=\"elementor-section elementor-top-section elementor-element elementor-element-6ad5ee9 elementor-section-boxed elementor-section-height-default elementor-section-height-default\" data-id=\"6ad5ee9\" data-element_type=\"section\">\n\t\t\t\t\t\t<div class=\"elementor-container elementor-column-gap-default\">\n\t\t\t\t\t<div class=\"elementor-column elementor-col-100 elementor-top-column elementor-element elementor-element-f3a66f2\" data-id=\"f3a66f2\" data-element_type=\"column\">\n\t\t\t<div class=\"elementor-widget-wrap elementor-element-populated\">\n\t\t\t\t\t\t\t\t<div class=\"elementor-element elementor-element-d27c5e9 elementor-widget elementor-widget-text-editor\" data-id=\"d27c5e9\" data-element_type=\"widget\" data-widget_type=\"text-editor.default\">\n\t\t\t\t<div class=\"elementor-widget-container\">\n\t\t\t\t\t\t\t<p><span style=\"font-weight: 400;\">Vrlo brzo, partnerstvo izme\u0111u nacionalisti\u010dkih mitova o prirodi i teritorijalnog nasilja postalo je realnost. U maju 1992, politi\u010dko rukovodstvo bosanskih Srba prevelo je mit o \u201csrpskoj Drini\u201d u <\/span><a href=\"https:\/\/www.icty.org\/x\/cases\/slobodan_milosevic\/tdec\/en\/040616.pdf\" target=\"_blank\"><span style=\"font-weight: 400;\">konkretne vojne ciljeve<\/span><\/a><span style=\"font-weight: 400;\">. Jedan od glavnih zadataka bio je uspostavljanje koridora uz Drinu kako bi se spojile navodno srpske zemlje i narod koje je reka razdvajala. Vojno rukovodstvo bosanskih Srba jasno je razumelo \u0161ta ta \u201cujedinjenost\u201d zna\u010di \u2013 nasilno istrebljenje bo\u0161nja\u010dkog stanovni\u0161tva Podrinja. Reke Una i Neretva trebale su da budu spoljne granice nove srpske teritorije.<\/span><\/p><p><span style=\"font-weight: 400;\">Mesec dana ranije, ovaj politi\u010dki mit o srpskoj Drini ve\u0107 je bio brutalno sproveden du\u017e njenih 350 kilometara. <\/span><a href=\"https:\/\/academic.oup.com\/yale-scholarship-online\/book\/21595?login=false\" target=\"_blank\"><span style=\"font-weight: 400;\">Oru\u017eane snage bosanskih Srba zapo\u010dele su opsade<\/span><\/a><span style=\"font-weight: 400;\"> Bijeljine 1. aprila 1992, Fo\u010de i Zvornika 8. aprila, Vi\u0161egrada 13. aprila, Srebrenice 18. aprila i Gora\u017eda 2. maja. Svi ovi gradovi, osim \u0161to su deo Podrinja, imali su ve\u0107insko bo\u0161nja\u010dko stanovni\u0161tvo.<\/span><\/p><p><span style=\"font-weight: 400;\">Istori\u010darka Edina Be\u0107irevi\u0107 <\/span><a href=\"https:\/\/yalebooks.yale.edu\/book\/9780300192582\/genocide-on-the-drina-river\/\" target=\"_blank\"><span style=\"font-weight: 400;\">pokazala je kako su ovi napadi bili rezultat vi\u0161emese\u010dnih logisti\u010dkih priprema i koordinacije<\/span><\/a><span style=\"font-weight: 400;\"> izme\u0111u politi\u010dkog rukovodstva u Bosni i Srbiji \u2013 lokalnih politi\u010dara Srpske demokratske stranke (SDS) \u2013 i vojnih komandanata Jugoslovenske narodne armije (JNA), pod direktnom kontrolom Beograda. Ova dokumentovana koordinacija masovnog nasilja predstavlja klju\u010dni argument protiv dana\u0161njeg narativa u Republici Srpskoj i Srbiji, koji rat u Bosni tuma\u010di kao <\/span><a href=\"https:\/\/newlinesmag.com\/review\/a-literary-consecration-of-genocide-denial\/\" target=\"_blank\"><span style=\"font-weight: 400;\">haoti\u010dan sukob osvete sa svih strana<\/span><\/a><span style=\"font-weight: 400;\">.<\/span><\/p><p><span style=\"font-weight: 400;\">Nakon \u0161to su lideri bosanskih Srba preuzeli kontrolu nad Fo\u010dom u aprilu 1992, usledila je represija. Prvo, Bo\u0161njacima je zabranjeno da odlaze na posao. Ubrzo je usledilo uni\u0161tavanje njihove imovine, hap\u0161enja i otmice civila. Oni koji su imali priliku, pobegli su iz grada \u2013 ali nisu svi uspeli.<\/span><\/p>\t\t\t\t\t\t<\/div>\n\t\t\t\t<\/div>\n\t\t\t\t\t<\/div>\n\t\t<\/div>\n\t\t\t\t\t\t\t<\/div>\n\t\t<\/section>\n\t\t\t\t<section class=\"elementor-section elementor-top-section elementor-element elementor-element-22f1939 elementor-section-boxed elementor-section-height-default elementor-section-height-default\" data-id=\"22f1939\" data-element_type=\"section\">\n\t\t\t\t\t\t<div class=\"elementor-container elementor-column-gap-default\">\n\t\t\t\t\t<div class=\"elementor-column elementor-col-100 elementor-top-column elementor-element elementor-element-e2053b3\" data-id=\"e2053b3\" data-element_type=\"column\">\n\t\t\t<div class=\"elementor-widget-wrap elementor-element-populated\">\n\t\t\t\t\t\t\t\t<div class=\"elementor-element elementor-element-8e30849 elementor-widget elementor-widget-image\" data-id=\"8e30849\" data-element_type=\"widget\" data-widget_type=\"image.default\">\n\t\t\t\t<div class=\"elementor-widget-container\">\n\t\t\t\t\t\t\t\t\t\t\t\t<figure class=\"wp-caption\">\n\t\t\t\t\t\t\t\t\t\t<img width=\"2560\" height=\"1920\" src=\"https:\/\/archive.kosovotwopointzero.com\/wp-content\/uploads\/2024\/12\/20220308_110325-min-scaled.jpg\" class=\"attachment-full size-full wp-image-111188\" alt=\"\" loading=\"lazy\" srcset=\"https:\/\/archive.kosovotwopointzero.com\/wp-content\/uploads\/2024\/12\/20220308_110325-min-scaled.jpg 2560w, https:\/\/archive.kosovotwopointzero.com\/wp-content\/uploads\/2024\/12\/20220308_110325-min-300x225.jpg 300w, https:\/\/archive.kosovotwopointzero.com\/wp-content\/uploads\/2024\/12\/20220308_110325-min-1024x768.jpg 1024w, https:\/\/archive.kosovotwopointzero.com\/wp-content\/uploads\/2024\/12\/20220308_110325-min-768x576.jpg 768w, https:\/\/archive.kosovotwopointzero.com\/wp-content\/uploads\/2024\/12\/20220308_110325-min-1536x1152.jpg 1536w, https:\/\/archive.kosovotwopointzero.com\/wp-content\/uploads\/2024\/12\/20220308_110325-min-2048x1536.jpg 2048w, https:\/\/archive.kosovotwopointzero.com\/wp-content\/uploads\/2024\/12\/20220308_110325-min-326x245.jpg 326w\" sizes=\"(max-width: 2560px) 100vw, 2560px\" \/>\t\t\t\t\t\t\t\t\t\t\t<figcaption class=\"widget-image-caption wp-caption-text\">Stotine bo\u0161nja\u010dkih mu\u0161karaca iz Fo\u010de nestale su u brzim vodama Drine. Ova fotografija je snimljena u martu 2022. godine. Foto: Michiel Piersma<\/figcaption>\n\t\t\t\t\t\t\t\t\t\t<\/figure>\n\t\t\t\t\t\t\t\t\t<\/div>\n\t\t\t\t<\/div>\n\t\t\t\t\t<\/div>\n\t\t<\/div>\n\t\t\t\t\t\t\t<\/div>\n\t\t<\/section>\n\t\t\t\t<section class=\"elementor-section elementor-top-section elementor-element elementor-element-6d0b9b4 elementor-section-boxed elementor-section-height-default elementor-section-height-default\" data-id=\"6d0b9b4\" data-element_type=\"section\">\n\t\t\t\t\t\t<div class=\"elementor-container elementor-column-gap-default\">\n\t\t\t\t\t<div class=\"elementor-column elementor-col-100 elementor-top-column elementor-element elementor-element-d477551\" data-id=\"d477551\" data-element_type=\"column\">\n\t\t\t<div class=\"elementor-widget-wrap elementor-element-populated\">\n\t\t\t\t\t\t\t\t<div class=\"elementor-element elementor-element-41d36df elementor-widget elementor-widget-text-editor\" data-id=\"41d36df\" data-element_type=\"widget\" data-widget_type=\"text-editor.default\">\n\t\t\t\t<div class=\"elementor-widget-container\">\n\t\t\t\t\t\t\t<p><span style=\"font-weight: 400;\">Na teritoriji op\u0161tine bili su postavljeni centri za pritvor, u kojima su ljudi bili izlo\u017eeni nehumanim uslovima, torturi i seksualnom nasilju. Centar za istra\u017eivanje i dokumentaciju \u2014 sada neaktivna nevladina organizacija posve\u0107ena dokumentovanju ratnih zlo\u010dina tokom rata u Bosni \u2014 <\/span><a href=\"http:\/\/mnemos.ba\/ba\/home\/Atlas\" target=\"_blank\"><span style=\"font-weight: 400;\">zaklju\u010dio je da je ukupno 2.707 ljudi ubijeno u Fo\u010di tokom rata<\/span><\/a><span style=\"font-weight: 400;\">, od toga 1.515 bo\u0161nja\u010dkih civila. Mnogi od njih nestali su u hladnim, bruje\u0107im dubinama Drine. Pre\u017eiveli jo\u0161 uvek tragaju za vi\u0161e od 500 nestalih mu\u0161karaca iz Fo\u010de.<\/span><\/p><p><span style=\"font-weight: 400;\">Razmere seksualnog nasilja u Fo\u010di mogu se samo proceniti. Ne postoje precizne statistike o broju \u017ertava samo u Fo\u010di, ali je poznato da su centri za pritvor radili tokom cele 1992. godine, sve do februara 1993. godine. Vi\u0161e od 10 mu\u0161karaca osu\u0111eno je za ratno silovanje od strane <\/span><a href=\"https:\/\/www.icty.org\/x\/cases\/zelenovic\/ind\/en\/foc-ii960626e.pdf\" target=\"_blank\"><span style=\"font-weight: 400;\">Me\u0111unarodnog krivi\u010dnog suda za biv\u0161u Jugoslaviju<\/span><\/a><span style=\"font-weight: 400;\"> (MKSJ) i <\/span><a href=\"https:\/\/zonaneodgovornosti.net\/digitalne-kolekcije\/zlocini-u-foci-1992-godine\/\" target=\"_blank\" target=\"_blank\"><span style=\"font-weight: 400;\">bosanskih sudova<\/span><\/a><span style=\"font-weight: 400;\">, a osu\u0111eni su na kazne zatvora od osam do 34 godine.<\/span><\/p><p><span style=\"font-weight: 400;\">Osude su zasnovane na brojnim svedo\u010denjima bo\u0161nja\u010dkih devojaka i \u017eena iz Fo\u010de. One koje su bile zato\u010dene u stambenim objektima \u0161irom grada jasno su se se\u0107ale da su, kad god bi se \u201cMar\u0161 na Drinu\u201d <\/span><a href=\"https:\/\/phdn.org\/archives\/www.ess.uwe.ac.uk\/documents\/sdrpt7b.htm\" target=\"_blank\"><span style=\"font-weight: 400;\">\u010duo preko zvu\u010dnika iz d\u017eamija, scene seksualnog nasilja bi ponovo po\u010dinjale<\/span><\/a><span style=\"font-weight: 400;\">.<\/span><\/p><p><b>Sila Drine ispoljena u smrti i elektri\u010dnoj energiji<\/b><\/p><p><span style=\"font-weight: 400;\">Drina je upila bo\u0161nja\u010dke \u017ertve ratnih zlo\u010dina \u0161irom Podrinja tokom Drugog svetskog rata, a u\u010dinila je to ponovo 1990-ih. Po\u010dinioci su znali da \u0107e pomeraju\u0107i tela nizvodno Drina sakriti le\u0161eve, a znali su i da su svi gradovi Podrinja povezani njom. Jedan vojni komandant u Vi\u0161egradu <\/span><a href=\"https:\/\/youtu.be\/-oJW0HGwNKg?feature=shared&amp;t=2818\" target=\"_blank\"><span style=\"font-weight: 400;\">rekao je 14-godi\u0161njem de\u010daku<\/span><\/a><span style=\"font-weight: 400;\">: \u201cTu \u0107emo te zaklati i u Drinu baciti, \u017dupljacima poslati. Neka vide \u017dupljaci \u0161ta znaju Vi\u0161egra\u0111ani,\u201d misle\u0107i na \u017dupu, grad nizvodno, koji \u0107e uskoro biti etni\u010dki o\u010di\u0161\u0107en. Fizi\u010dke dubine Drine onemogu\u0107avaju ta\u010dno utvr\u0111ivanje broja ubijenih u reci, ali izve\u0161taji pokazuju da je ovo bila \u010desta praksa, naro\u010dito u <\/span><a href=\"https:\/\/www.tandfonline.com\/doi\/full\/10.1080\/13602004.2017.1294374\" target=\"_blank\"><span style=\"font-weight: 400;\">Vi\u0161egradu<\/span><\/a><span style=\"font-weight: 400;\"> i <\/span><a href=\"https:\/\/zonaneodgovornosti.net\/digitalne-kolekcije\/zlocini-u-foci-1992-godine\/\" target=\"_blank\" target=\"_blank\"><span style=\"font-weight: 400;\">Fo\u010di<\/span><\/a><span style=\"font-weight: 400;\">.<\/span><\/p><p><span style=\"font-weight: 400;\">Drina retko izbacuje svoje mrtve, i to samo tamo gde su je ljudi poku\u0161avali ukrotiti. Nedaleko od Vi\u0161egrada, Peru\u0107ac je ve\u0161ta\u010dko jezero na Drini stvoreno izgradnjom velikog hidroelektri\u010dnog bara\u017ea. Godine 2010. jezero je ispra\u017enjeno radi popravke turbina bara\u017ea, \u0161to je otkrilo stotine ljudskih ostataka, od kojih je <\/span><a href=\"https:\/\/genocideinvisegrad.wordpress.com\/wp-content\/uploads\/2012\/02\/perucac-prilog-tabele.pdf\" target=\"_blank\"><span style=\"font-weight: 400;\">163 identifikovano putem DNK analize<\/span><\/a><span style=\"font-weight: 400;\">. Ostatci su pripadali bo\u0161nja\u010dkim civilima iz celog Podrinja, <\/span><a href=\"https:\/\/genocideinvisegrad.wordpress.com\/wp-content\/uploads\/2012\/02\/saopc5a1tenje-za-javnost-perucac.pdf\" target=\"_blank\"><span style=\"font-weight: 400;\">uklju\u010duju\u0107i Vi\u0161egrad i Fo\u010du<\/span><\/a><span style=\"font-weight: 400;\">. Ekshumacija u jezeru bila je \u017eurna i nedovr\u0161ena, pod pritiskom hidroelektri\u010dnog preduze\u0107a koje je \u017eelelo da ponovo napuni jezero.<\/span><\/p><p><span style=\"font-weight: 400;\">Samo nekoliko kilometara nizvodno odatle gde su Mila, njeni prijatelji i ja po\u010deli da veslamo za Drinsku Avanturu, hidroelektrana Buk Bijela u planu je od ranih 1970-ih. <\/span><a href=\"https:\/\/ba.boell.org\/sites\/default\/files\/rijeka_bez_povratka_3.pdf\" target=\"_blank\"><span style=\"font-weight: 400;\">Decenije planova, ekolo\u0161kih briga i neuspelih kredita su usledile<\/span><\/a><span style=\"font-weight: 400;\">, sve do 2021. godine kada su kamen-temeljac postavili <\/span><a href=\"https:\/\/foca-24.info\/vijest\/694\/polozen-kamen-temeljac-za-he-buk-bijela-novi-pocetak-u-odnosima-srpske-i-srbije\" target=\"_blank\"><span style=\"font-weight: 400;\">premijer Republike Srpske Radovan Vi\u0161kovi\u0107 i Ana Brnabi\u0107, tada\u0161nja premijerka Srbije<\/span><\/a><span style=\"font-weight: 400;\">, koja je bila veliki investitor. Izgradnja je <\/span><a href=\"https:\/\/bankwatch.org\/project\/buk-bijela-the-upper-drina-cascade\" target=\"_blank\"><span style=\"font-weight: 400;\">potom obustavljena<\/span><\/a><span style=\"font-weight: 400;\"> zbog nedostatka finansija i neadekvatnih studija uticaja na \u017eivotnu sredinu. U \u010dekaonici neizvesnosti, sli\u010dnoj onoj koju je Pavlovi\u0107 izgradio na Bjelavi, bo\u0161nja\u010dki Fo\u010daci se pla\u0161e da betoniranje Drine ovde eliminira mogu\u0107nost da ikada prona\u0111u svoje nestale voljene.<\/span><\/p><p><span style=\"font-weight: 400;\">Tokom rata, Buk Bijela je kori\u0161\u0107ena kao mesto za egzekucije, a 2006. godine <\/span><a href=\"https:\/\/preporod.info\/bs\/article\/27583\/konjo-uzunovic-gradnjom-he-buk-bijela-zatrpavaju-i-betoniraju-istinu-o-ubistvu-bosnjaka-u-foci\" target=\"_blank\"><span style=\"font-weight: 400;\">prona\u0111eni su ostaci 43 mu\u0161karca iz Fo\u010de<\/span><\/a><span style=\"font-weight: 400;\">. Betoniranje korita reke bi zape\u010datilo sudbinu svih tela skrivenih na Buk Bijeli, ali vlasti Republike Srpske, inicijatori hidroprojekta, <\/span><a href=\"https:\/\/balkans.aljazeera.net\/videos\/2023\/1\/8\/porodice-vjeruju-da-buk-bijela-krije-vise-od-stotinu-nestalih\" target=\"_blank\"><span style=\"font-weight: 400;\">izgleda da ne razmatraju nikakvu potragu<\/span><\/a><span style=\"font-weight: 400;\">.<\/span><\/p><p><span style=\"font-weight: 400;\">Drina <\/span><a href=\"https:\/\/www.lighthousereports.com\/investigation\/europes-nameless-dead\/\" target=\"_blank\"><span style=\"font-weight: 400;\">i dalje pro\u017edire politi\u010dki marginalizovane<\/span><\/a><span style=\"font-weight: 400;\">, a zeleni hidrokapitalisti nastavljaju da poku\u0161avaju da ukrote Drinu. Slu\u010daj Buk Bijela ilustruje probleme Fo\u010de sa kapitalisti\u010dkim degradiranjem \u017eivotne sredine i potisnutim nasle\u0111em nasilja. Fo\u010da, i Podrinje u celini, je re\u010dno dru\u0161tvo gde se smrt u reci i smrtonosni nacionalizam sre\u0107u. Svetovi u kojima je voda \u017eivot, u kojima reka odre\u0111uje tok pro\u0161losti, sada\u0161njosti i budu\u0107nosti, pokre\u0107u dijalekti\u010dke sile.<\/span><\/p><p><b>Napu\u0161tanje kao politi\u010dki izbor<\/b><\/p><p><span style=\"font-weight: 400;\">Krivudav, strm put od fo\u010danskog \u017eutog mosta preko Drine vodi do dvospratne zgrade iz doba Austro-Ugarske, ispred koje se prostire malo polje. S ivice ogra\u0111enog prostora otvara se \u0161irok pogled na centar grada, Drinu i okolna brda. Kad \u0161etamo gradom, moji prijatelji me \u010desto vode ovde \u2013 ne samo da u\u017eivamo u pogledu, ve\u0107 i da mi poka\u017eu neiskori\u0161\u0107eni potencijal ovog mesta za fo\u010dansku omladinu.<\/span><\/p><p><span style=\"font-weight: 400;\">Usred leta, korov i divlje cve\u0107e bujaju, prekrivaju\u0107i celo polje, osim jednog praznog poplo\u010danog dela. Na ogradi visi usamljena kanta za sme\u0107e, dok iz zemlje izviruju betonski nogari davno uklonjene klupe \u2013 tihi tragovi nekada\u0161njeg prostora za okupljanje i dru\u017eenje.<\/span><\/p><p><span style=\"font-weight: 400;\">Tokom rata, zgrada pored polja \u2013 lokalno poznata kao Partizan \u2013 slu\u017eila je kao mesto zato\u010denja bo\u0161nja\u010dkih \u017eena i devojaka iz Fo\u010de, gde su bile podvrgnute mu\u010denju, silovanju i drugim oblicima seksualnog nasilja. Ti zlo\u010dini dogodili su se u samom srcu gradske zajednice. <\/span><a href=\"https:\/\/zoneofnonresponsibility.net\/sportska-dvorana-partizan\/\" target=\"_blank\"><span style=\"font-weight: 400;\">Saslu\u0161anja pred Me\u0111unarodnim krivi\u010dnim sudom za biv\u0161u Jugoslaviju<\/span><\/a><span style=\"font-weight: 400;\"> pokazala su da su u njima u\u010destvovali pripadnici Vojske Republike Srpske, lokalni politi\u010dki vrh i fo\u010danska policija.<\/span><\/p><p><span style=\"font-weight: 400;\">Danas je u zgradi Partizana sme\u0161teno nekoliko sportskih i umetni\u010dkih dru\u0161tava, uklju\u010duju\u0107i klubove stonog tenisa i samoodbrane. Nasilje koje se ovde odigralo gotovo je zaboravljeno. Prilikom jedne od mojih poseta, na stepenicama zgrade le\u017eala je samo jedna bela ru\u017ea \u2013 usamljeni podsetnik na godi\u0161nju komemoraciju ratnih zlo\u010dina, odr\u017eanu nekoliko nedelja ranije. Nakon ceremonije kod Partizana, \u010dlanovi Udru\u017eenja ratnih \u017ertava Fo\u010da 1992\u201395. odlaze na most preko Drine i u reku bacaju stotine belih ru\u017ea, u znak se\u0107anja na bo\u0161nja\u010dke mu\u0161karce koji se jo\u0161 vode kao nestali. Ni fo\u010danski gradona\u010delnik, ni bilo koji drugi lokalni ili nacionalni politi\u010dki predstavnik nisu izrazili \u017eelju da prisustvuju ovom doga\u0111aju, ostavljaju\u0107i komemoraciju na marginama politi\u010dkog \u017eivota Fo\u010de.<\/span><\/p><p><span style=\"font-weight: 400;\">Lokalne vlasti svesno odr\u017eavaju politi\u010dku i dru\u0161tvenu prazninu polja iznad Drine. Poku\u0161aji da se ovo mesto vrati zajednici nailazili su na otpor. Jo\u0161 2004. godine, Udru\u017eenje \u017dene \u017ertve rata zatra\u017eilo je podizanje spomenika \u017ertvama Partizana, ali je <\/span><a href=\"https:\/\/unigerc.unsa.ba\/wp-content\/uploads\/2022\/07\/Kultura_sjecanja_-_FMA.pdf.pdf\" target=\"_blank\"><span style=\"font-weight: 400;\">tada\u0161nji gradona\u010delnik Zdravko Krsmanovi\u0107 taj zahtev odbio<\/span><\/a><span style=\"font-weight: 400;\">, pravdaju\u0107i odluku time da su \u201cpatnje pretrpeli svi narodi.\u201d Iste godine, u centru grada postavljen je spomenik \u201cbraniocima\u201d Fo\u010de srpske nacionalnosti.<\/span><\/p>\t\t\t\t\t\t<\/div>\n\t\t\t\t<\/div>\n\t\t\t\t\t<\/div>\n\t\t<\/div>\n\t\t\t\t\t\t\t<\/div>\n\t\t<\/section>\n\t\t\t\t<section class=\"elementor-section elementor-top-section elementor-element elementor-element-dcf48fb elementor-section-boxed elementor-section-height-default elementor-section-height-default\" data-id=\"dcf48fb\" data-element_type=\"section\">\n\t\t\t\t\t\t<div class=\"elementor-container elementor-column-gap-default\">\n\t\t\t\t\t<div class=\"elementor-column elementor-col-50 elementor-top-column elementor-element elementor-element-6f6ce9e\" data-id=\"6f6ce9e\" data-element_type=\"column\">\n\t\t\t<div class=\"elementor-widget-wrap elementor-element-populated\">\n\t\t\t\t\t\t\t\t<div class=\"elementor-element elementor-element-e8d7cab elementor-widget elementor-widget-image\" data-id=\"e8d7cab\" data-element_type=\"widget\" data-widget_type=\"image.default\">\n\t\t\t\t<div class=\"elementor-widget-container\">\n\t\t\t\t\t\t\t\t\t\t\t\t<figure class=\"wp-caption\">\n\t\t\t\t\t\t\t\t\t\t<img width=\"1672\" height=\"1254\" src=\"https:\/\/archive.kosovotwopointzero.com\/wp-content\/uploads\/2025\/01\/20220812_131605-min-min.jpg\" class=\"attachment-full size-full wp-image-111394\" alt=\"\" loading=\"lazy\" srcset=\"https:\/\/archive.kosovotwopointzero.com\/wp-content\/uploads\/2025\/01\/20220812_131605-min-min.jpg 1672w, https:\/\/archive.kosovotwopointzero.com\/wp-content\/uploads\/2025\/01\/20220812_131605-min-min-300x225.jpg 300w, https:\/\/archive.kosovotwopointzero.com\/wp-content\/uploads\/2025\/01\/20220812_131605-min-min-1024x768.jpg 1024w, https:\/\/archive.kosovotwopointzero.com\/wp-content\/uploads\/2025\/01\/20220812_131605-min-min-768x576.jpg 768w, https:\/\/archive.kosovotwopointzero.com\/wp-content\/uploads\/2025\/01\/20220812_131605-min-min-1536x1152.jpg 1536w, https:\/\/archive.kosovotwopointzero.com\/wp-content\/uploads\/2025\/01\/20220812_131605-min-min-326x245.jpg 326w\" sizes=\"(max-width: 1672px) 100vw, 1672px\" \/>\t\t\t\t\t\t\t\t\t\t\t<figcaption class=\"widget-image-caption wp-caption-text\">Teren Partizana u avgustu 2022. Foto: Michiel Piersma<\/figcaption>\n\t\t\t\t\t\t\t\t\t\t<\/figure>\n\t\t\t\t\t\t\t\t\t<\/div>\n\t\t\t\t<\/div>\n\t\t\t\t\t<\/div>\n\t\t<\/div>\n\t\t\t\t<div class=\"elementor-column elementor-col-50 elementor-top-column elementor-element elementor-element-ad49b76\" data-id=\"ad49b76\" data-element_type=\"column\">\n\t\t\t<div class=\"elementor-widget-wrap elementor-element-populated\">\n\t\t\t\t\t\t\t\t<div class=\"elementor-element elementor-element-6d1b066 elementor-widget elementor-widget-image\" data-id=\"6d1b066\" data-element_type=\"widget\" data-widget_type=\"image.default\">\n\t\t\t\t<div class=\"elementor-widget-container\">\n\t\t\t\t\t\t\t\t\t\t\t\t<figure class=\"wp-caption\">\n\t\t\t\t\t\t\t\t\t\t<img width=\"1672\" height=\"1254\" src=\"https:\/\/archive.kosovotwopointzero.com\/wp-content\/uploads\/2025\/01\/20230603_125910-min-min.jpg\" class=\"attachment-full size-full wp-image-111397\" alt=\"\" loading=\"lazy\" srcset=\"https:\/\/archive.kosovotwopointzero.com\/wp-content\/uploads\/2025\/01\/20230603_125910-min-min.jpg 1672w, https:\/\/archive.kosovotwopointzero.com\/wp-content\/uploads\/2025\/01\/20230603_125910-min-min-300x225.jpg 300w, https:\/\/archive.kosovotwopointzero.com\/wp-content\/uploads\/2025\/01\/20230603_125910-min-min-1024x768.jpg 1024w, https:\/\/archive.kosovotwopointzero.com\/wp-content\/uploads\/2025\/01\/20230603_125910-min-min-768x576.jpg 768w, https:\/\/archive.kosovotwopointzero.com\/wp-content\/uploads\/2025\/01\/20230603_125910-min-min-1536x1152.jpg 1536w, https:\/\/archive.kosovotwopointzero.com\/wp-content\/uploads\/2025\/01\/20230603_125910-min-min-326x245.jpg 326w\" sizes=\"(max-width: 1672px) 100vw, 1672px\" \/>\t\t\t\t\t\t\t\t\t\t\t<figcaption class=\"widget-image-caption wp-caption-text\">Isti teren Partizana u junu 2023. Foto: Michiel Piersma<\/figcaption>\n\t\t\t\t\t\t\t\t\t\t<\/figure>\n\t\t\t\t\t\t\t\t\t<\/div>\n\t\t\t\t<\/div>\n\t\t\t\t\t<\/div>\n\t\t<\/div>\n\t\t\t\t\t\t\t<\/div>\n\t\t<\/section>\n\t\t\t\t<section class=\"elementor-section elementor-top-section elementor-element elementor-element-4848d12 elementor-section-boxed elementor-section-height-default elementor-section-height-default\" data-id=\"4848d12\" data-element_type=\"section\">\n\t\t\t\t\t\t<div class=\"elementor-container elementor-column-gap-default\">\n\t\t\t\t\t<div class=\"elementor-column elementor-col-100 elementor-top-column elementor-element elementor-element-4a08c51\" data-id=\"4a08c51\" data-element_type=\"column\">\n\t\t\t<div class=\"elementor-widget-wrap elementor-element-populated\">\n\t\t\t\t\t\t\t\t<div class=\"elementor-element elementor-element-b85a0b7 elementor-widget elementor-widget-text-editor\" data-id=\"b85a0b7\" data-element_type=\"widget\" data-widget_type=\"text-editor.default\">\n\t\t\t\t<div class=\"elementor-widget-container\">\n\t\t\t\t\t\t\t<p><span style=\"font-weight: 400;\">Nedavno je grupa fo\u010danske omladine aplicirala za <\/span><a href=\"http:\/\/www.pbbih.com\/foca\" target=\"_blank\"><span style=\"font-weight: 400;\">participativni bud\u017eet<\/span><\/a><span style=\"font-weight: 400;\"> \u2014 finansiran od Me\u0111unarodne organizacije za migracije i britanske ambasade \u2014 s ciljem da o\u017eivi Partizanovo polje. Njihov predlog je uklju\u010divao postavljanje parkovskog mobilijara i rasvete, sadnju drve\u0107a i biljaka, kao i popravku i farbanje ulazne kapije. Pored toga, s obzirom na iskustvo grupe u slikanju grafita, obnovljeni park bi bio ukra\u0161en muralima posve\u0107enim, kako su naveli u prijavi, \u201cmiru i prijateljstvu.\u201d Bud\u017eet je bio deo javnog konkursa, ali predlog nije dobio najvi\u0161e glasova. Umesto toga, <\/span><a href=\"https:\/\/www.facebook.com\/permalink.php?story_fbid=pfbid03a9LCe856BrKojZX2i8xHnqXqBAdcpmFGRJRf6zEKQAAKF3B3tmegBbyhpoe8pgcl&amp;id=376792692701825\" target=\"_blank\"><span style=\"font-weight: 400;\">izabran je projekat o prevenciji dijabetesa<\/span><\/a><span style=\"font-weight: 400;\">.<\/span><\/p><p><span style=\"font-weight: 400;\">\u017drtve destruktivne kampanje Republike Srpske me\u0111u fo\u010danskim Bo\u0161njacima i Bo\u0161njakinjama nikada se ne pominju po imenu u lokalnim omladinskim inicijativama, niti se nasilje koje se dogodilo na mestu Partizana ikada eksplicitno pominje. \u201cMir i prijateljstvo\u201d postali su moto neodre\u0111ene budu\u0107nosti koju su mladi u Bosni nau\u010dili da koriste, kao rezultat <\/span><a href=\"https:\/\/www.maxwell.syr.edu\/research\/article\/citizens-of-an-empty-nation-youth-and-state-making-in-postwar-bosnia-and-herzegovina\" target=\"_blank\"><span style=\"font-weight: 400;\">posleratnog sna me\u0111unarodne zajednice o me\u0111uetni\u010dkom pomirenju<\/span><\/a><span style=\"font-weight: 400;\">. To \u0161to Stefan, kada govori o rekama i njihovim \u017ertvama, misli samo na prijatelje i avanturisti\u010dke turiste, o\u010dekivana je posledica sistemskog poricanja ratnih zlo\u010dina u Republici Srpskoj kroz <\/span><a href=\"https:\/\/kosovotwopointzero.com\/en\/we-learn-the-past-differently\/\" target=\"_blank\"><span style=\"font-weight: 400;\">obrazovanje<\/span><\/a><span style=\"font-weight: 400;\">, <\/span><a href=\"https:\/\/kosovotwopointzero.com\/en\/back-to-the-beginning-of-the-millennium\/\" target=\"_blank\"><span style=\"font-weight: 400;\">medije<\/span><\/a><span style=\"font-weight: 400;\"> i <\/span><a href=\"https:\/\/kosovotwopointzero.com\/en\/remembering-the-vilina-vlas-women\/\" target=\"_blank\"><span style=\"font-weight: 400;\">javni \u017eivot<\/span><\/a><span style=\"font-weight: 400;\">.<\/span><\/p><p><span style=\"font-weight: 400;\">Polomljene klupe, bujno divlje cve\u0107e i odbijanje komemoracije nestalih bo\u0161nja\u010dkih Fo\u010daka nisu samo znakovi zapu\u0161tenosti \u2013 to su aktivni oblici napu\u0161tanja; zanemarivanje kao politi\u010dko re\u0161enje za izbegavanje suo\u010davanja s nasle\u0111em masovnog nasilja i neizvesnim budu\u0107nostima lokalne omladine.<\/span><\/p><p><b>Radost mladih i budu\u0107nost reka<\/b><\/p><p><span style=\"font-weight: 400;\">U Fo\u010di, letnji dan mladih odvija se na pla\u017ei pored reke. Drina i \u0106ehotina okru\u017eene su brojnim malim pla\u017eama, kupali\u0161tima: \u0161ljunkovitim ili pe\u0161\u010danim, u srcu naselja ili skrivenim od puta, u samom centru grada ili na kratkoj vo\u017enji izvan njega. Svaka pla\u017ea nosi svoju pri\u010du. Mala pla\u017ea pored gradskog stadiona je mesto gde su \u010ditave generacije u\u010dile da plivaju.<\/span><\/p><p><span style=\"font-weight: 400;\">Mila je ranije spomenula veliku stenu, omiljeno mesto za skakanje u reku. Pla\u017ea pored nje bila je jedna od najdra\u017eih mnogima, obja\u0161njava Sr\u0111an, a tokom vrelih dana prekrivali su je pe\u0161kirima. Klju\u010d njene popularnosti le\u017ei u lokaciji: kao najisto\u010dnija pla\u017ea u gradu, hvata sun\u010deve zrake i do 90 minuta du\u017ee od gradskog bazena uz Drinu. Stojan i njegovi prijatelji, s druge strane, i\u0161li bi na pla\u017eu izvan grada, usko\u010dili u stare traktorske gume koje su slu\u017eile kao ogromni pliva\u010dki prstenovi i plutali rekom nazad do grada \u2013 putovanje koje je, u idealnom slu\u010daju, trajalo ceo dan.<\/span><\/p><p><span style=\"font-weight: 400;\">Otvaranje gradskih bazena 2013. godine zna\u010dajno je promenilo pliva\u010dku kulturu u Fo\u010di. Bazen omogu\u0107ava maloj deci da nau\u010de da plivaju bez straha od nepredvidivih re\u010dnih struja. Leti su omiljeni me\u0111u porodicama i \u0161kolskom decom i \u010desto su pose\u0107eniji od re\u010dnih pla\u017ea. Ipak, ne mogu se porediti, nagla\u0161avaju moji prijatelji. Voda u bazenu mo\u017ee biti topla i prljava, a te\u0161ko je prona\u0107i zaklon od sunca. Plivanje u reci nudi neuporediv ose\u0107aj: hladna i divlja Drina, mirna i primamljiva \u0106ehotina. \u201cSvaki grad ima bazen. Ali ne mo\u017ee svaki grad da se pohvali ovakvom rekom i tolikim pla\u017eama. To je potpuno druga\u010dije. I samo plivanje \u2013 druga\u010dije je,\u201d ka\u017ee Sr\u0111an.<\/span><\/p>\t\t\t\t\t\t<\/div>\n\t\t\t\t<\/div>\n\t\t\t\t\t<\/div>\n\t\t<\/div>\n\t\t\t\t\t\t\t<\/div>\n\t\t<\/section>\n\t\t\t\t<section class=\"elementor-section elementor-top-section elementor-element elementor-element-3750922 elementor-section-boxed elementor-section-height-default elementor-section-height-default\" data-id=\"3750922\" data-element_type=\"section\">\n\t\t\t\t\t\t<div class=\"elementor-container elementor-column-gap-default\">\n\t\t\t\t\t<div class=\"elementor-column elementor-col-50 elementor-top-column elementor-element elementor-element-51bf232\" data-id=\"51bf232\" data-element_type=\"column\">\n\t\t\t<div class=\"elementor-widget-wrap elementor-element-populated\">\n\t\t\t\t\t\t\t\t<div class=\"elementor-element elementor-element-21d03e8 elementor-widget elementor-widget-image\" data-id=\"21d03e8\" data-element_type=\"widget\" data-widget_type=\"image.default\">\n\t\t\t\t<div class=\"elementor-widget-container\">\n\t\t\t\t\t\t\t\t\t\t\t\t<figure class=\"wp-caption\">\n\t\t\t\t\t\t\t\t\t\t<img width=\"2560\" height=\"1920\" src=\"https:\/\/archive.kosovotwopointzero.com\/wp-content\/uploads\/2024\/12\/20220308_111156-min-scaled.jpg\" class=\"attachment-full size-full wp-image-111191\" alt=\"\" loading=\"lazy\" srcset=\"https:\/\/archive.kosovotwopointzero.com\/wp-content\/uploads\/2024\/12\/20220308_111156-min-scaled.jpg 2560w, https:\/\/archive.kosovotwopointzero.com\/wp-content\/uploads\/2024\/12\/20220308_111156-min-300x225.jpg 300w, https:\/\/archive.kosovotwopointzero.com\/wp-content\/uploads\/2024\/12\/20220308_111156-min-1024x768.jpg 1024w, https:\/\/archive.kosovotwopointzero.com\/wp-content\/uploads\/2024\/12\/20220308_111156-min-768x576.jpg 768w, https:\/\/archive.kosovotwopointzero.com\/wp-content\/uploads\/2024\/12\/20220308_111156-min-1536x1152.jpg 1536w, https:\/\/archive.kosovotwopointzero.com\/wp-content\/uploads\/2024\/12\/20220308_111156-min-2048x1536.jpg 2048w, https:\/\/archive.kosovotwopointzero.com\/wp-content\/uploads\/2024\/12\/20220308_111156-min-326x245.jpg 326w\" sizes=\"(max-width: 2560px) 100vw, 2560px\" \/>\t\t\t\t\t\t\t\t\t\t\t<figcaption class=\"widget-image-caption wp-caption-text\">Otvaranje javnog bazena u Fo\u010di promenilo je mogu\u0107nosti letnje rekreacije za omladinu Podrinja. Fotografija: Michiel Piersma<\/figcaption>\n\t\t\t\t\t\t\t\t\t\t<\/figure>\n\t\t\t\t\t\t\t\t\t<\/div>\n\t\t\t\t<\/div>\n\t\t\t\t\t<\/div>\n\t\t<\/div>\n\t\t\t\t<div class=\"elementor-column elementor-col-50 elementor-top-column elementor-element elementor-element-cc179f7\" data-id=\"cc179f7\" data-element_type=\"column\">\n\t\t\t<div class=\"elementor-widget-wrap elementor-element-populated\">\n\t\t\t\t\t\t\t\t<div class=\"elementor-element elementor-element-4412ab5 elementor-widget elementor-widget-image\" data-id=\"4412ab5\" data-element_type=\"widget\" data-widget_type=\"image.default\">\n\t\t\t\t<div class=\"elementor-widget-container\">\n\t\t\t\t\t\t\t\t\t\t\t\t<figure class=\"wp-caption\">\n\t\t\t\t\t\t\t\t\t\t<img width=\"2560\" height=\"1920\" src=\"https:\/\/archive.kosovotwopointzero.com\/wp-content\/uploads\/2024\/12\/20210810_084456-min-scaled.jpg\" class=\"attachment-full size-full wp-image-111182\" alt=\"\" loading=\"lazy\" srcset=\"https:\/\/archive.kosovotwopointzero.com\/wp-content\/uploads\/2024\/12\/20210810_084456-min-scaled.jpg 2560w, https:\/\/archive.kosovotwopointzero.com\/wp-content\/uploads\/2024\/12\/20210810_084456-min-300x225.jpg 300w, https:\/\/archive.kosovotwopointzero.com\/wp-content\/uploads\/2024\/12\/20210810_084456-min-1024x768.jpg 1024w, https:\/\/archive.kosovotwopointzero.com\/wp-content\/uploads\/2024\/12\/20210810_084456-min-768x576.jpg 768w, https:\/\/archive.kosovotwopointzero.com\/wp-content\/uploads\/2024\/12\/20210810_084456-min-1536x1152.jpg 1536w, https:\/\/archive.kosovotwopointzero.com\/wp-content\/uploads\/2024\/12\/20210810_084456-min-2048x1536.jpg 2048w, https:\/\/archive.kosovotwopointzero.com\/wp-content\/uploads\/2024\/12\/20210810_084456-min-326x245.jpg 326w\" sizes=\"(max-width: 2560px) 100vw, 2560px\" \/>\t\t\t\t\t\t\t\t\t\t\t<figcaption class=\"widget-image-caption wp-caption-text\">Izgradnja nove benzinske pumpe pored Drine uni\u0161tila je delove re\u010dne obale. Fotografija: Michiel Piersma<\/figcaption>\n\t\t\t\t\t\t\t\t\t\t<\/figure>\n\t\t\t\t\t\t\t\t\t<\/div>\n\t\t\t\t<\/div>\n\t\t\t\t\t<\/div>\n\t\t<\/div>\n\t\t\t\t\t\t\t<\/div>\n\t\t<\/section>\n\t\t\t\t<section class=\"elementor-section elementor-top-section elementor-element elementor-element-2e3a06c elementor-section-boxed elementor-section-height-default elementor-section-height-default\" data-id=\"2e3a06c\" data-element_type=\"section\">\n\t\t\t\t\t\t<div class=\"elementor-container elementor-column-gap-default\">\n\t\t\t\t\t<div class=\"elementor-column elementor-col-100 elementor-top-column elementor-element elementor-element-0a31291\" data-id=\"0a31291\" data-element_type=\"column\">\n\t\t\t<div class=\"elementor-widget-wrap elementor-element-populated\">\n\t\t\t\t\t\t\t\t<div class=\"elementor-element elementor-element-9c2de77 elementor-widget elementor-widget-text-editor\" data-id=\"9c2de77\" data-element_type=\"widget\" data-widget_type=\"text-editor.default\">\n\t\t\t\t<div class=\"elementor-widget-container\">\n\t\t\t\t\t\t\t<p><span style=\"font-weight: 400;\">Razlike u do\u017eivljaju radosti plivanja koje su se pojavile s dolaskom bazena najbolje se ose\u0107aju na u\u0161\u0107u hladne, temperamentne Drine i pitome, vijugave \u0106ehotine, odmah iza bazena. U\u0161\u0107e je centralno i omiljeno mesto u gradu; to je Simeonovo mesto gde mo\u017ee da sedne, okrene lice ka suncu i slu\u0161a reku.<\/span><\/p><p><span style=\"font-weight: 400;\">Danas, to mesto deluje pomalo zapu\u0161teno. Asfaltirana pe\u0161a\u010dka staza pored bazena prelazi u obraslu, jedva vidljivu stazu koja vodi ka u\u0161\u0107u. Pla\u017ea se nalazi na slepom putu, a taj ose\u0107aj dodatno poja\u010dava njeno zapu\u0161teno stanje. Po tlu su razbacani buseni trave, ostaci ambala\u017ee od hrane i polomljene pivske boce. Povremeno se koristi kao mesto za pristajanje splavova, ali je prilaz strm i blatnjav.<\/span><\/p><p><span style=\"font-weight: 400;\">Moji prijatelji imaju duboko ukorenjene brige o stanju reka i njihovih pla\u017ea. Te zabrinutosti odra\u017eavaju isti blizak odnos prema vodi kao i neoptere\u0107ene letnje radosti kupanja. Pored <\/span><a href=\"https:\/\/www.youtube.com\/watch?v=lHDy-iCZ_EY&amp;ab_channel=RTCG-Zvani%C4%8Dnikanal\" target=\"_blank\"><span style=\"font-weight: 400;\">prete\u0107ih planova za izgradnju hidroelektrana na \u0106ehotini<\/span><\/a><span style=\"font-weight: 400;\"> i Drini, reke ugro\u017eavaju i druge sile.<\/span><\/p><p><span style=\"font-weight: 400;\">Milo\u0161 se se\u0107a nekada\u0161nje omiljene pla\u017ee na Drini, pe\u0161\u010dane i u prirodnom hladu, koja je morala da ustupi mesto novoj benzinskoj pumpi. To, po njemu, najbolje oslikava sumorno stanje ovog re\u010dnog grada, u kojem investitor mo\u017ee da \u201cuni\u0161ti detinjstvo celog jednog naselja koje ionako izumire. On \u0107e zaraditi pare, a deca vi\u0161e ne mogu da se okupljaju tu, razume\u0161. Na \u0161tetu ekologije. Na \u0161tetu ne\u010dijeg detinjstva.\u201d<\/span><\/p><p><span style=\"font-weight: 400;\">Godine 2019, \u0106ehotina je iznenada pobelela, a velika koli\u010dina mrtve ribe isplivala je na povr\u0161inu. <\/span><a href=\"https:\/\/mina.news\/vijesti-iz-crne-gore\/steta-zbog-ekoloskog-incidenta-3546-hiljada-eur\/\" target=\"_blank\"><span style=\"font-weight: 400;\">Uzrok ekolo\u0161ke katastrofe<\/span><\/a><span style=\"font-weight: 400;\"> bilo je nekontrolisano ispu\u0161tanje industrijskih otpadnih voda iz termoelektrane preko granice, u Crnoj Gori. Zaga\u0111enje je naru\u0161ilo miris vode i smanjilo njen privla\u010dan karakter kao reke za u\u017eivanje. Iako su <\/span><a href=\"https:\/\/www.oslobodjenje.ba\/vijesti\/bih\/sta-se-desava-ne-zagrijava-se-samo-more-rijeke-na-podrucju-bh-grada-nikad-nisu-bile-toplije-970103)\" target=\"_blank\"><span style=\"font-weight: 400;\">nedavni porasti temperature re\u010dne vode<\/span><\/a><span style=\"font-weight: 400;\"> ponovo privukli veliki broj ljudi na pla\u017ee, to verovatno <\/span><a href=\"https:\/\/documents1.worldbank.org\/curated\/pt\/183341530114587734\/pdf\/Roof-Report-Drina-River-Basin.pdf\" target=\"_blank\"><span style=\"font-weight: 400;\">nagove\u0161tava intenziviranje su\u0161a i toplotnih talasa<\/span><\/a><span style=\"font-weight: 400;\"> u Podrinju pod uticajem klimatskih promena.<\/span><\/p><p><span style=\"font-weight: 400;\">Uprkos ekolo\u0161kim i kapitalisti\u010dkim katastrofama koje poga\u0111aju reke, Drina i njena pritoka \u0106ehotina i dalje su \u017eive; vijugaju kroz fo\u010danske \u0161ume, mo\u017ee se plivati u njima, one \u010dine Fo\u010du jedinstvenim \u201cgradom na dve reke.\u201d Ali fo\u010danska omladina ima o\u0161tro oko za promene i gubitke u svom svakodnevnom pejza\u017eu. Voda reke postaje manje bistra, mrtva riba izranja na povr\u0161inu, reka gubi svoj sve\u017e miris, gradi se akva-park, prazne limenke piva prekrivaju re\u010dnu pla\u017eu, lokalni biznismen podi\u017ee benzinsku pumpu, jedno detinjstvo se bri\u0161e, a \u010ditavo naselje nestaje.<\/span><\/p><p><span style=\"font-weight: 400;\">Dok su moji prijatelji govorili o takvim gubicima i strahu od novih, nisam uvek mogao da razaznam da li govore o ljudskom ili prirodnom \u017eivotu. Ali kada su poku\u0161ali da defini\u0161u Fo\u010du, ona je postala grad ome\u0111en Drinom i \u0106ehotinom kao svojim spoljnim rubovima, planinom Magli\u0107 kao krovom i ukupno 17 reka kao merom svoje veli\u010dine. Fo\u010daci su \u201cprirodnjaci\u201d, ljudi prirode, ili kako Dorijan ka\u017ee: \u201cJednostavno ne mo\u017ee\u0161 da voli\u0161 asfalt kad \u017eivi\u0161 okru\u017een ovakvim zelenilom i ovako prelepim, zdravim vazduhom.\u201d Postalo je jasno da su borbe za vodu i zemlju zapravo borbe za \u017eivot \u2013 za teku\u0107e reke, za ribu, za mogu\u0107nost da slu\u0161a\u0161 reku, da na\u0111e\u0161 letnji posao u rafting kampu, za radosno detinjstvo i za budu\u0107e generacije jednog naselja.<\/span><\/p><p><span style=\"font-weight: 400;\">Poku\u0161aj uni\u0161tenja Drinine pritoke Bjelave jedna je od takvih borbi, gde se hidro-kapitalisti\u010dki snovi o kontroli reka sudaraju sa mno\u0161tvom ljudskih i neljudskih oblika \u017eivota u reci. Me\u0161tanin podru\u010dja oko Bjelave, <\/span><a href=\"https:\/\/www.youtube.com\/watch?app=desktop&amp;si=sss_UYDQWhqA1M37&amp;v=morb217PXkA&amp;feature=youtu.be&amp;fbclid=IwZXh0bgNhZW0CMTAAAR09kcYxMNM1BWGLix2npEB-kEFnMv90g0m7-NIzNeje4PaRIpGHXZAvoJI_aem_xmtCcVaVr61siXV5LdZpVA&amp;ab_channel=AarhusCentaruBiH\" target=\"_blank\"><span style=\"font-weight: 400;\">Milo\u0161 Vuji\u010di\u0107, izgovorio je na javnoj raspravi<\/span><\/a><span style=\"font-weight: 400;\"> u martu 2024. re\u010di: \u201cNiko ne sme da uzme reku, garantujem to svojim \u017eivotom. Voda \u0107e morati da te\u010de, pa makar krv tekla s njom.\u201d To nije daleko od jugoslovenskog pojma zavi\u010daja \u2013 dubokog ose\u0107aja pripadnosti u kojem se \u010dovek i zemlja ne mogu razdvojiti. Podrinjski zavi\u010daj bio je meta 1990-ih, kada je do\u0161lo do nasilnog kidanja veza izme\u0111u bo\u0161nja\u010dkih \u017eivota i reke.<\/span><\/p><p><b>Progon re\u010dnih veza<\/b><\/p><p><span style=\"font-weight: 400;\">Kasnog letnjeg popodneva 2021. godine, Dorijan i ja posmatramo Partizanovo igrali\u0161te, mesto koje smo ranije pose\u0107ivali i koje u sebi sa\u017eima i aktivno napu\u0161tanje nasilnih se\u0107anja i dru\u0161tvenih prilika u Fo\u010di. Drina nije daleko, \u010dujemo je kako \u017eubori kroz svoje kre\u010dnja\u010dko korito, svega nekoliko desetina metara ispod nas. Pogledi su nam prikovani za polomljene klupe, dok nam noge nestaju u bujnom korovu. Dorijan sa \u017ealo\u0161\u0107u pri\u010da o tome kako je op\u0161tinsko ve\u0107e odbilo predlog za obnovu igrali\u0161ta koji su on i njegovi prijatelji podneli.<\/span><\/p><p><span style=\"font-weight: 400;\">O\u0161te\u0107ene klupe ovog igrali\u0161ta ukazuju na sukob zajedni\u010dkog \u017eivota ljudi i prirode (uklju\u010duju\u0107i reke) u Fo\u010di i Podrinju. Postoji veza izme\u0111u uni\u0161tenja bo\u0161nja\u010dkih \u017eivota u zgradi Partizana, \u010dije bismo zidove mogli dota\u0107i ako bismo ispru\u017eili ruke, i izbrisanih bo\u0161nja\u010dkih mu\u0161karaca u Drini, direktno ispod nas i du\u017e njenog 346 kilometara dugog toka. Ovo uni\u0161tenje neraskidivo je povezano sa be\u017eivotnim ribama koje plutaju na povr\u0161ini \u0106ehotine i sa nepovratnom \u0161tetom nanetom koritu Bjelave.<\/span><\/p><p><span style=\"font-weight: 400;\">Tro\u0161ne klupe povezane su sa \u017eubore\u0107om Drinom. Postavlja se pitanje \u2013 koliko dugo Fo\u010dak, \u010dovek prirode, mo\u017ee nastaviti da \u017eivi u toj prirodi, ako je njeno zdravlje ugro\u017eeno sa svih strana? Tok Drine spaja re\u010dnu radost jednog grada sa nere\u0161enim pri\u010dama ubijenih muslimanskih mu\u0161karaca \u2013 spoj u\u017eitka i nasilja, ne tako razli\u010dit od Mediterana, koji je istovremeno i sun\u010dali\u0161te i vodeni grob za migrante tamnije puti.<\/span><\/p><p><span style=\"font-weight: 400;\">Kako bi obuhvatili razli\u010dite dimenzije praznine Balkana, <\/span><a href=\"https:\/\/www.cambridge.org\/core\/product\/identifier\/S0090599220000422\/type\/journal_article\" target=\"_blank\"><span style=\"font-weight: 400;\">politi\u010dki antropolozi Larisa Kurtovi\u0107<\/span><\/a><span style=\"font-weight: 400;\"> i <\/span><a href=\"http:\/\/berghahnjournals.com\/view\/journals\/focaal\/2023\/96\/fcl960106.xml\" target=\"_blank\"><span style=\"font-weight: 400;\">Ivan Rajkovi\u0107 prime\u0107uju da ovo uni\u0161tenje ne dovodi samo do iseljavanja ljudi<\/span><\/a><span style=\"font-weight: 400;\">, ve\u0107 i do progona same dru\u0161tvenosti \u2013 ose\u0107aja da \u017eivot postaje neodr\u017eiv, da dru\u0161tvene veze prestaju da povezuju. Ovaj progon je tih, nenametljiv proces, vo\u0111en pro\u0161lim i sada\u0161njim silama (hidro)kapitalisti\u010dke eksploatacije i etnonacionalnog gu\u0161enja. Kako <\/span><a href=\"https:\/\/www.penguin.co.uk\/books\/442544\/elixir-by-kassabova-kapka\/9781529920475\" target=\"_blank\" target=\"_blank\"><span style=\"font-weight: 400;\">Kapka Kassabova<\/span><\/a><span style=\"font-weight: 400;\"> pi\u0161e o opusto\u0161enoj dolini reke Meste u Bugarskoj, takve sile izazivaju \u201crazaraju\u0107i gubitak ekolo\u0161ke i kulturne ba\u0161tine.\u201d One posebno bujaju u ruralnim, perifernim krajevima, daleko od pogleda politi\u010dkih centara \u2013 u Kassabovinoj dolini Meste, kao i u podrinjskom Vi\u0161egradu, Gora\u017edu i Fo\u010di.<\/span><\/p>\t\t\t\t\t\t<\/div>\n\t\t\t\t<\/div>\n\t\t\t\t\t<\/div>\n\t\t<\/div>\n\t\t\t\t\t\t\t<\/div>\n\t\t<\/section>\n\t\t\t\t<section class=\"elementor-section elementor-top-section elementor-element elementor-element-78abfbb elementor-section-boxed elementor-section-height-default elementor-section-height-default\" data-id=\"78abfbb\" data-element_type=\"section\">\n\t\t\t\t\t\t<div class=\"elementor-container elementor-column-gap-default\">\n\t\t\t\t\t<div class=\"elementor-column elementor-col-100 elementor-top-column elementor-element elementor-element-af9797d\" data-id=\"af9797d\" data-element_type=\"column\">\n\t\t\t<div class=\"elementor-widget-wrap elementor-element-populated\">\n\t\t\t\t\t\t\t\t<div class=\"elementor-element elementor-element-6ac6837 elementor-widget elementor-widget-image\" data-id=\"6ac6837\" data-element_type=\"widget\" data-widget_type=\"image.default\">\n\t\t\t\t<div class=\"elementor-widget-container\">\n\t\t\t\t\t\t\t\t\t\t\t\t<figure class=\"wp-caption\">\n\t\t\t\t\t\t\t\t\t\t<img width=\"2560\" height=\"1920\" src=\"https:\/\/archive.kosovotwopointzero.com\/wp-content\/uploads\/2024\/12\/2021-08-29-17.38.51-min-scaled.jpg\" class=\"attachment-full size-full wp-image-111173\" alt=\"\" loading=\"lazy\" srcset=\"https:\/\/archive.kosovotwopointzero.com\/wp-content\/uploads\/2024\/12\/2021-08-29-17.38.51-min-scaled.jpg 2560w, https:\/\/archive.kosovotwopointzero.com\/wp-content\/uploads\/2024\/12\/2021-08-29-17.38.51-min-300x225.jpg 300w, https:\/\/archive.kosovotwopointzero.com\/wp-content\/uploads\/2024\/12\/2021-08-29-17.38.51-min-1024x768.jpg 1024w, https:\/\/archive.kosovotwopointzero.com\/wp-content\/uploads\/2024\/12\/2021-08-29-17.38.51-min-768x576.jpg 768w, https:\/\/archive.kosovotwopointzero.com\/wp-content\/uploads\/2024\/12\/2021-08-29-17.38.51-min-1536x1152.jpg 1536w, https:\/\/archive.kosovotwopointzero.com\/wp-content\/uploads\/2024\/12\/2021-08-29-17.38.51-min-2048x1536.jpg 2048w, https:\/\/archive.kosovotwopointzero.com\/wp-content\/uploads\/2024\/12\/2021-08-29-17.38.51-min-326x245.jpg 326w\" sizes=\"(max-width: 2560px) 100vw, 2560px\" \/>\t\t\t\t\t\t\t\t\t\t\t<figcaption class=\"widget-image-caption wp-caption-text\">Ekolo\u0161ka eksploatacija u ime kapitalisti\u010dke logike buja u perifernim oblastima. Foto: Michiel Piersma \/ K2.0<\/figcaption>\n\t\t\t\t\t\t\t\t\t\t<\/figure>\n\t\t\t\t\t\t\t\t\t<\/div>\n\t\t\t\t<\/div>\n\t\t\t\t\t<\/div>\n\t\t<\/div>\n\t\t\t\t\t\t\t<\/div>\n\t\t<\/section>\n\t\t\t\t<section class=\"elementor-section elementor-top-section elementor-element elementor-element-2daec11 elementor-section-boxed elementor-section-height-default elementor-section-height-default\" data-id=\"2daec11\" data-element_type=\"section\">\n\t\t\t\t\t\t<div class=\"elementor-container elementor-column-gap-default\">\n\t\t\t\t\t<div class=\"elementor-column elementor-col-100 elementor-top-column elementor-element elementor-element-bb9ad41\" data-id=\"bb9ad41\" data-element_type=\"column\">\n\t\t\t<div class=\"elementor-widget-wrap elementor-element-populated\">\n\t\t\t\t\t\t\t\t<div class=\"elementor-element elementor-element-a785f06 elementor-widget elementor-widget-text-editor\" data-id=\"a785f06\" data-element_type=\"widget\" data-widget_type=\"text-editor.default\">\n\t\t\t\t<div class=\"elementor-widget-container\">\n\t\t\t\t\t\t\t<p><span style=\"font-weight: 400;\">Ovaj progon nije homogen proces koji jednako poga\u0111a sve ljude u isto vreme. Godine 1992, snage bosanskih Srba u\u010dinile su veliki deo Podrinja nenastanjivim za Bo\u0161njake, teraju\u0107i ih od Drine ili ostavljaju\u0107i ih bez \u017eivota u toj istoj vodi. Progonila\u010dki nacionalizam je naglo i nasilno ugasio \u017eivotnu povezanost zajednice sa Drinom.<\/span><\/p><p><span style=\"font-weight: 400;\">Tri decenije kasnije, ljudi koji jo\u0161 uvek \u017eive sa Drinom zbog svog bosanskosrpskog porekla suo\u010davaju se sa mo\u0107nim partnerstvom iste te vlasti i destruktivnih hidrokapitalista. Sli\u010dan, ali i veoma razli\u010dit progon re\u010dne dru\u0161tvenosti: iako ekosistemi pretrpe mnoge gubitke, ljudski \u017eivoti nisu ciljani, a nasilje slabi re\u010dne odnose postepeno tokom vremena.<\/span><\/p><p><span style=\"font-weight: 400;\">Na Partizanovom igrali\u0161tu, dok Dorijan tra\u017ei ostatke dru\u0161tvenosti koja je preostala nakon odbijenog predloga, ka\u017ee: \u201cNe\u0161to ima potencijala. Ne samo Partizan, cela Fo\u010da. Mo\u017ee biti toliko lepa i prijatna.\u201d Ono na \u0161ta aludira jeste da potencijal Fo\u010de zavisi jednako od pejza\u017ea i od ljudi koji u njemu \u017eive.<\/span><\/p><p><span style=\"font-weight: 400;\">Drina obuhvata \u017eivot i smrt; neoptere\u0107ena se\u0107anja na letnje rafting avanture cvetaju, nose\u0107i potisnute terete izgubljenih bo\u0161nja\u010dkih \u017eivota. Reka je mesto stvaranja i uni\u0161tenja; jedinstvene veze koje su ukorenjene u ljubavi i pa\u017enji oblikuju se izme\u0111u njene vode i ljudi, dok su druge nasilno napadnute od strane pojedinaca, njihovih ideologija, buldo\u017eera i oru\u017eja. Mo\u0107ni vodeni tokovi generi\u0161u energiju, ali na ra\u010dun nepovratnih gubitaka riba, biljaka, skladi\u0161tenja ugljen-dioksida i same vode. Kakva mo\u017ee biti budu\u0107nost re\u010dne Fo\u010de i Podrinja, kada se sudare ovakve suprotstavljene sile?<\/span><\/p><p>\u00a0<\/p><p><i><span style=\"font-weight: 400;\">Veliko hvala Katarini Ku\u0161i\u0107, Gemmi Bird i Rodericku Witjasu na njihovim dragocenim mislima i sugestijama.<\/span><\/i><\/p><p>\u00a0<\/p><p><i><\/i><span style=\"font-weight: 400;\"><strong>Naslovna slika:\u00a0Michiel Piersma.<br \/>Ilustracija: Dina Hajrullahu \/ K2.0.<\/strong><\/span><\/p>\t\t\t\t\t\t<\/div>\n\t\t\t\t<\/div>\n\t\t\t\t\t<\/div>\n\t\t<\/div>\n\t\t\t\t\t\t\t<\/div>\n\t\t<\/section>\n\t\t\t\t\t\t\t<\/div>\n\t\t","protected":false},"excerpt":{"rendered":"<p>B\/C\/S SHQ ENG DUGA FORMA Mladala\u010dka leta, re\u010dna smrt i smrtonosni nacionalizam Reke i ljudi Podrinja oblikuju \u017eivote jedni drugih&#8230;.<\/p>\n","protected":false},"author":977,"featured_media":116977,"comment_status":"open","ping_status":"open","sticky":false,"template":"elementor_header_footer","format":"standard","meta":[],"categories":[973],"tags":[1697],"_links":{"self":[{"href":"https:\/\/archive.kosovotwopointzero.com\/sr\/wp-json\/wp\/v2\/posts\/117127"}],"collection":[{"href":"https:\/\/archive.kosovotwopointzero.com\/sr\/wp-json\/wp\/v2\/posts"}],"about":[{"href":"https:\/\/archive.kosovotwopointzero.com\/sr\/wp-json\/wp\/v2\/types\/post"}],"author":[{"embeddable":true,"href":"https:\/\/archive.kosovotwopointzero.com\/sr\/wp-json\/wp\/v2\/users\/977"}],"replies":[{"embeddable":true,"href":"https:\/\/archive.kosovotwopointzero.com\/sr\/wp-json\/wp\/v2\/comments?post=117127"}],"version-history":[{"count":10,"href":"https:\/\/archive.kosovotwopointzero.com\/sr\/wp-json\/wp\/v2\/posts\/117127\/revisions"}],"predecessor-version":[{"id":117138,"href":"https:\/\/archive.kosovotwopointzero.com\/sr\/wp-json\/wp\/v2\/posts\/117127\/revisions\/117138"}],"wp:featuredmedia":[{"embeddable":true,"href":"https:\/\/archive.kosovotwopointzero.com\/sr\/wp-json\/wp\/v2\/media\/116977"}],"wp:attachment":[{"href":"https:\/\/archive.kosovotwopointzero.com\/sr\/wp-json\/wp\/v2\/media?parent=117127"}],"wp:term":[{"taxonomy":"category","embeddable":true,"href":"https:\/\/archive.kosovotwopointzero.com\/sr\/wp-json\/wp\/v2\/categories?post=117127"},{"taxonomy":"post_tag","embeddable":true,"href":"https:\/\/archive.kosovotwopointzero.com\/sr\/wp-json\/wp\/v2\/tags?post=117127"}],"curies":[{"name":"wp","href":"https:\/\/api.w.org\/{rel}","templated":true}]}}